{"id":130479,"date":"2026-01-09T10:30:14","date_gmt":"2026-01-09T10:30:14","guid":{"rendered":"https:\/\/www.europesays.com\/se\/130479\/"},"modified":"2026-01-09T10:30:14","modified_gmt":"2026-01-09T10:30:14","slug":"ottawa-senators-ryter-ifran-mot-ryktesspridningen-om-linus-ullmark","status":"publish","type":"post","link":"https:\/\/www.europesays.com\/se\/130479\/","title":{"rendered":"Ottawa Senators ryter ifr\u00e5n mot ryktesspridningen om Linus Ullmark"},"content":{"rendered":"<p><strong>Det har spridits rykten p\u00e5 sociala medier om anledningen bakom <a href=\"https:\/\/hockeysverige.se\/spelare\/linus\/ullmark\" rel=\"nofollow noopener\" target=\"_blank\">Linus Ullmark<\/a>s paus. <br \/>Nu ryter <a href=\"https:\/\/hockeysverige.se\/klubb\/ottawa-senators\" rel=\"nofollow noopener\" target=\"_blank\">Ottawa Senators<\/a> ifr\u00e5n mot ryktesspridningen. <br \/>\u2013 Vi \u00e4r extremt besvikna \u00f6ver att l\u00e4sa de helt p\u00e5hittade och falska ber\u00e4ttelserna, s\u00e4ger general managern Steve Statios i ett uttalande. <\/strong><\/p>\n<p><img loading=\"lazy\" decoding=\"async\" width=\"1024\" height=\"658\" src=\"https:\/\/www.europesays.com\/se\/wp-content\/uploads\/2026\/01\/Ullmark-Ottawa-uttalande-1024x658.webp.webp\" alt=\"Linus Ullmark. Ottawa Senators.\" class=\"wp-image-343471\"  \/>Ottawa sl\u00e4pper ett uttalande efter ryktesspridningen om Linus Ullmark. <strong>Foto:<\/strong> Jayne Kamin-Oncea\/AP Photo\/Alamy<\/p>\n<p>Det var under mellandagarna som Ottawa Senators meddelade att lagets svenske m\u00e5lvakt Linus Ullmark skulle<a href=\"https:\/\/hockeysverige.se\/nhl\/ottawa-senators-linus-ullmark-tar-timeout-nhl\/\" rel=\"nofollow noopener\" target=\"_blank\"> ta en paus fr\u00e5n ishockeyn<\/a> och vara borta p\u00e5 obest\u00e4md tid. Ottawa citerade personliga sk\u00e4l som anledningen till Ullmarks timeout och bad att m\u00e5lvaktens privatliv skulle respekteras. Sedan gav Ottawa inga fler detaljer utan framf\u00f6rde sitt st\u00f6d till Ullmark. <\/p>\n<p>Den senaste tiden har d\u00e4remot illasinnade rykten p\u00e5 sociala medier b\u00f6rjat spridas om varf\u00f6r Linus Ullmark saknas f\u00f6r Senators. <a href=\"https:\/\/x.com\/Senators\/status\/2009432233044578784\" rel=\"nofollow\">Nu g\u00e5r klubben ut med ett uttalande<\/a> d\u00e4r de f\u00f6rd\u00f6mer ryktesspridningen och ocks\u00e5 menar att rykten saknar grund helt och h\u00e5llet. <\/p>\n<p>\u2013 Vi \u00e4r extremt besvikna \u00f6ver att l\u00e4sa om de helt p\u00e5hittade och falska ber\u00e4ttelserna som sprids p\u00e5 sociala medier om v\u00e5r klubb. Linus \u00e4r borta fr\u00e5n v\u00e5rt lag av personliga sk\u00e4l och han har hela organisationens st\u00f6d. Vi bad om respekt f\u00f6r Linus privatliv, men det \u00e4r uppenbart att denna beg\u00e4ran inte har h\u00f6rsammats av de l\u00e4gsta formerna av troll och sjuka m\u00e4nniskor som huserar p\u00e5 internet. Vi \u00e4r \u00e4cklade \u00f6ver att krafter utifr\u00e5n f\u00f6rs\u00f6ker st\u00f6ra v\u00e5r hockeyklubb. Detta uttalande s\u00e4tter punkt f\u00f6r de l\u00f6jliga spekulationerna som har spridits online, s\u00e4ger Ottawas general manager Steve Staios i uttalandet. <\/p>\n<p>Linus Ullmark inte med i OS<\/p>\n<p>Det \u00e4r \u00e4nnu oklart hur l\u00e4nge som Linus Ullmark kommer att vara borta fr\u00e5n spel. <\/p>\n<p>32-\u00e5rige Ullmark har haft en tuff s\u00e4song i <a href=\"https:\/\/hockeysverige.se\/nhl\" rel=\"nofollow noopener\" target=\"_blank\">NHL<\/a> med Ottawa Senators. P\u00e5 28 matcher har han 88,1 i r\u00e4ddningsprocent och 2,95 insl\u00e4ppta m\u00e5l per match. Ullmark saknades ocks\u00e5 i den svenska <a href=\"https:\/\/hockeysverige.se\/os\" rel=\"nofollow noopener\" target=\"_blank\">OS<\/a>-truppen efter beskedet att han tar en paus fr\u00e5n ishockeyn. Med Ullmark borta valde Tre Kronor att i st\u00e4llet g\u00e5 med Jacob Markstr\u00f6m, Filip Gustavsson och Jesper Wallstedt som m\u00e5lvaktstrio. <\/p>\n<p> Source: <a href=\"https:\/\/www.eliteprospects.com\/player\/19760\/linus-ullmark\" target=\"_blank\" rel=\"noopener noreferrer nofollow\">Linus Ullmark<\/a> @ Elite Prospects<\/p>\n","protected":false},"excerpt":{"rendered":"Det har spridits rykten p\u00e5 sociala medier om anledningen bakom Linus Ullmarks paus. Nu ryter Ottawa Senators ifr\u00e5n&hellip;\n","protected":false},"author":2,"featured_media":130480,"comment_status":"","ping_status":"","sticky":false,"template":"","format":"standard","meta":{"footnotes":""},"categories":[5],"tags":[22,23,26,27,17,21,24,25,28,29,15,247,16,18,34,133,31,33,32,30,19,20],"class_list":{"0":"post-130479","1":"post","2":"type-post","3":"status-publish","4":"format-standard","5":"has-post-thumbnail","7":"category-rubriker","8":"tag-breaking-news","9":"tag-breakingnews","10":"tag-featured-news","11":"tag-featurednews","12":"tag-headlines","13":"tag-huvudnyheter","14":"tag-latest-news","15":"tag-latestnews","16":"tag-main-news","17":"tag-mainnews","18":"tag-news","19":"tag-nhl","20":"tag-nyheter","21":"tag-rubriker","22":"tag-se","23":"tag-second-news","24":"tag-svenska","25":"tag-sverige","26":"tag-sweden","27":"tag-swedish","28":"tag-top-stories","29":"tag-topstories"},"share_on_mastodon":{"url":"https:\/\/pubeurope.com\/@se\/115864680714338293","error":""},"_links":{"self":[{"href":"https:\/\/www.europesays.com\/se\/wp-json\/wp\/v2\/posts\/130479","targetHints":{"allow":["GET"]}}],"collection":[{"href":"https:\/\/www.europesays.com\/se\/wp-json\/wp\/v2\/posts"}],"about":[{"href":"https:\/\/www.europesays.com\/se\/wp-json\/wp\/v2\/types\/post"}],"author":[{"embeddable":true,"href":"https:\/\/www.europesays.com\/se\/wp-json\/wp\/v2\/users\/2"}],"replies":[{"embeddable":true,"href":"https:\/\/www.europesays.com\/se\/wp-json\/wp\/v2\/comments?post=130479"}],"version-history":[{"count":0,"href":"https:\/\/www.europesays.com\/se\/wp-json\/wp\/v2\/posts\/130479\/revisions"}],"wp:featuredmedia":[{"embeddable":true,"href":"https:\/\/www.europesays.com\/se\/wp-json\/wp\/v2\/media\/130480"}],"wp:attachment":[{"href":"https:\/\/www.europesays.com\/se\/wp-json\/wp\/v2\/media?parent=130479"}],"wp:term":[{"taxonomy":"category","embeddable":true,"href":"https:\/\/www.europesays.com\/se\/wp-json\/wp\/v2\/categories?post=130479"},{"taxonomy":"post_tag","embeddable":true,"href":"https:\/\/www.europesays.com\/se\/wp-json\/wp\/v2\/tags?post=130479"}],"curies":[{"name":"wp","href":"https:\/\/api.w.org\/{rel}","templated":true}]}}