{"id":130485,"date":"2026-01-09T10:37:16","date_gmt":"2026-01-09T10:37:16","guid":{"rendered":"https:\/\/www.europesays.com\/se\/130485\/"},"modified":"2026-01-09T10:37:16","modified_gmt":"2026-01-09T10:37:16","slug":"regeringen-bor-lata-gymnasieskolan-utredas-fran-grunden","status":"publish","type":"post","link":"https:\/\/www.europesays.com\/se\/130485\/","title":{"rendered":"Regeringen b\u00f6r l\u00e5ta gymnasieskolan utredas fr\u00e5n grunden"},"content":{"rendered":"<p>Sveriges globala konkurrenskraft \u00e4r helt avg\u00f6rande f\u00f6r utvecklingen av v\u00e5rt v\u00e4lst\u00e5nd, f\u00f6r v\u00e5r klimatomst\u00e4llning och f\u00f6r v\u00e5r beredskap.<\/p>\n<p>D\u00e4rf\u00f6r \u00e4r n\u00e4ringslivets tillg\u00e5ng till kompetens avg\u00f6rande. F\u00f6r industrin handlar det om kvalificerade yrkesarbetare och skickliga ingenj\u00f6rer, som varje dag bidrar till innovation, produktion och tillv\u00e4xt.<\/p>\n<p>Behovet blir inte mindre n\u00e4r AI, digitalisering, automatisering och gr\u00f6n teknik vinner mark. Jobben f\u00f6rsvinner inte \u2013 de f\u00f6r\u00e4ndras. Dessutom blir konkurrensen tuffare, eftersom samma utveckling sker \u00f6ver hela v\u00e4rlden.<\/p>\n<blockquote class=\"quote center\"><p>&#13;<\/p>\n<p>Missmatchningen mellan elevers studieval och n\u00e4ringslivets behov \u00e4r besv\u00e4rande tydligt<\/p>\n<p>&#13;<br \/>\n  <b\/>&#13;\n<\/p><\/blockquote>\n<p>Statusskillnad mellan programmen<\/p>\n<p>Skolsystemet, och inte minst gymnasiet, m\u00e5ste klara att m\u00f6ta behoven. I dag \u00e4r det alltf\u00f6r m\u00e5nga unga som g\u00e5r igenom gymnasiet utan att bli redo f\u00f6r vare sig yrkeslivet eller h\u00f6gre studier. Missmatchningen mellan elevers studieval och n\u00e4ringslivets behov \u00e4r besv\u00e4rande tydligt, vilket resulterar i h\u00f6ga kostnader f\u00f6r s\u00e5v\u00e4l individer som f\u00f6retag.<\/p>\n<p>Trots att flera regeringar har f\u00f6rs\u00f6kt g\u00f6ra yrkesprogrammen mer attraktiva f\u00f6r de niondeklassare som v\u00e4ljer gymnasieutbildning, s\u00e5 har problemet kvarst\u00e5tt. En viktig orsak till det \u00e4r att ingen har f\u00f6rs\u00f6kt \u00e5tg\u00e4rda grundproblemet \u2013 n\u00e4mligen den struktur som skiljer gymnasieskolan i yrkesprogram respektive teoretiska program. Detta genererar en statusskillnad, och i praktiken en f\u00f6rlegad uppdelning mellan h\u00f6gskolef\u00f6rberedande och yrkespraktiska program.<\/p>\n<p>Skolan m\u00e5ste m\u00f6ta behoven\u00a0<\/p>\n<p>Medan gymnasieskolans struktur \u00e4r daterad har arbetsmarknadens kompetensbehov f\u00f6r\u00e4ndrats.<\/p>\n<p>I dag \u00f6verlappar industrins kompetenser och yrkesroller varandra. Arbetsgivare efterfr\u00e5gar medarbetare med gedigen kunskapsbas, s\u00e5 att medarbetare kan vidareutveckla sina f\u00e4rdigheter \u00f6ver hela karri\u00e4ren. Medarbetare i teknikf\u00f6retag beh\u00f6ver en stabil grund i svenska, matematik och naturvetenskapliga \u00e4mnen.<\/p>\n<blockquote class=\"quote center\"><p>&#13;<\/p>\n<p>Gymnasieskolan b\u00f6r utformas f\u00f6r att ge en solid bredd, med m\u00f6jlighet f\u00f6r eleven att med tiden bygga p\u00e5 sin utbildning i olika riktningar<\/p>\n<p>&#13;<br \/>\n  <b\/>&#13;\n<\/p><\/blockquote>\n<p>Konkret betyder det att gymnasieskolan b\u00f6r utformas f\u00f6r att ge en solid bredd, med m\u00f6jlighet f\u00f6r eleven att med tiden bygga p\u00e5 sin utbildning i olika riktningar. I st\u00e4llet f\u00f6r att elever redan i grundskolan ska best\u00e4mma sin specifika yrkesbana beh\u00f6vs en struktur som m\u00f6jligg\u00f6r en stegvis progression. Problemet sitter n\u00e4mligen inte i ungas studieval, utan i den struktur som gymnasieskolan f\u00f6r l\u00e4nge har dragits med.<\/p>\n<p>Se \u00f6ver gymnasieskolans struktur\u00a0<\/p>\n<p>Det \u00e4r mycket v\u00e4lkommet att regeringen har tillsatt en utredning under professor Magnus Henrekson. En genomlysning av \u00e4mneskunskap ligger p\u00e5 bordet. Men direktiven \u00f6ppnar ocks\u00e5 f\u00f6r att se \u00f6ver gymnasieskolans strukturella helhet.<\/p>\n<p>D\u00e4rf\u00f6r b\u00f6r Henrekson ta chansen att g\u00f6ra just det, med sikte p\u00e5 en gymnasieskola med gemensam bas och m\u00f6jlighet att l\u00e4ngre fram v\u00e4lja inriktning.<\/p>\n","protected":false},"excerpt":{"rendered":"Sveriges globala konkurrenskraft \u00e4r helt avg\u00f6rande f\u00f6r utvecklingen av v\u00e5rt v\u00e4lst\u00e5nd, f\u00f6r v\u00e5r klimatomst\u00e4llning och f\u00f6r v\u00e5r beredskap.&hellip;\n","protected":false},"author":2,"featured_media":130486,"comment_status":"","ping_status":"","sticky":false,"template":"","format":"standard","meta":{"footnotes":""},"categories":[12],"tags":[22,23,26,27,17,21,24,25,28,29,15,16,18,34,31,33,32,30,19,20],"class_list":{"0":"post-130485","1":"post","2":"type-post","3":"status-publish","4":"format-standard","5":"has-post-thumbnail","7":"category-sverige","8":"tag-breaking-news","9":"tag-breakingnews","10":"tag-featured-news","11":"tag-featurednews","12":"tag-headlines","13":"tag-huvudnyheter","14":"tag-latest-news","15":"tag-latestnews","16":"tag-main-news","17":"tag-mainnews","18":"tag-news","19":"tag-nyheter","20":"tag-rubriker","21":"tag-se","22":"tag-svenska","23":"tag-sverige","24":"tag-sweden","25":"tag-swedish","26":"tag-top-stories","27":"tag-topstories"},"share_on_mastodon":{"url":"https:\/\/pubeurope.com\/@se\/115864708343907922","error":""},"_links":{"self":[{"href":"https:\/\/www.europesays.com\/se\/wp-json\/wp\/v2\/posts\/130485","targetHints":{"allow":["GET"]}}],"collection":[{"href":"https:\/\/www.europesays.com\/se\/wp-json\/wp\/v2\/posts"}],"about":[{"href":"https:\/\/www.europesays.com\/se\/wp-json\/wp\/v2\/types\/post"}],"author":[{"embeddable":true,"href":"https:\/\/www.europesays.com\/se\/wp-json\/wp\/v2\/users\/2"}],"replies":[{"embeddable":true,"href":"https:\/\/www.europesays.com\/se\/wp-json\/wp\/v2\/comments?post=130485"}],"version-history":[{"count":0,"href":"https:\/\/www.europesays.com\/se\/wp-json\/wp\/v2\/posts\/130485\/revisions"}],"wp:featuredmedia":[{"embeddable":true,"href":"https:\/\/www.europesays.com\/se\/wp-json\/wp\/v2\/media\/130486"}],"wp:attachment":[{"href":"https:\/\/www.europesays.com\/se\/wp-json\/wp\/v2\/media?parent=130485"}],"wp:term":[{"taxonomy":"category","embeddable":true,"href":"https:\/\/www.europesays.com\/se\/wp-json\/wp\/v2\/categories?post=130485"},{"taxonomy":"post_tag","embeddable":true,"href":"https:\/\/www.europesays.com\/se\/wp-json\/wp\/v2\/tags?post=130485"}],"curies":[{"name":"wp","href":"https:\/\/api.w.org\/{rel}","templated":true}]}}