{"id":130491,"date":"2026-01-09T10:42:06","date_gmt":"2026-01-09T10:42:06","guid":{"rendered":"https:\/\/www.europesays.com\/se\/130491\/"},"modified":"2026-01-09T10:42:06","modified_gmt":"2026-01-09T10:42:06","slug":"gor-som-robyn-sjunger-satsa-pa-ivf","status":"publish","type":"post","link":"https:\/\/www.europesays.com\/se\/130491\/","title":{"rendered":"G\u00f6r som Robyn sjunger \u2013 satsa p\u00e5 IVF"},"content":{"rendered":"<p>Vad har Lego och Robyn med dagspolitik att g\u00f6ra? Flera ledarsidor tar p\u00e5 fredagen avstamp i kulturen f\u00f6r att g\u00f6ra sina po\u00e4nger. <\/p>\n<p>Jonna Sima p\u00e5 Aftonbladet har lyssnat p\u00e5 Robyns nya singel \u201dSexistential\u201d som enligt henne handlar om att \u201dg\u00e5 p\u00e5 klubb och k\u00e4nna sig som en sexig gudinna\u201d samtidigt som man genomg\u00e5r en IVF-behandling. F\u00f6r att m\u00f6ta en minskande befolkning borde det senare, allts\u00e5 IVF, bli billigare enligt Sima. <\/p>\n<p>\u201dVi kan inte ha en barnkris och samtidigt g\u00f6ra det f\u00f6r dyrt att f\u00e5 hj\u00e4lp\u201d, skriver hon.<\/p>\n<p>Lisa Magnusson i DN rasar \u00f6ver Legos nya, uppkopplade \u201dsmartkloss\u201d. Den chipf\u00f6rsedda plastbiten \u00e4r det senaste tr\u00e5kiga tecknet p\u00e5 att barn v\u00e4ntas vara uppkopplade j\u00e4mt, tycker hon. <\/p>\n<p>\u201dF\u00f6r visst, internet g\u00f6r v\u00e4rlden st\u00f6rre p\u00e5 m\u00e5nga s\u00e4tt, men det \u00e4r ocks\u00e5 begr\u00e4nsande, inte minst f\u00f6r barns lek.\u201d<\/p>\n<p>Omnis ledarsvep utg\u00e5r fr\u00e5n de st\u00f6rsta ledarsidorna i Sverige. Urvalet varierar dagligen. <\/p>\n<p>Omni \u00e4r politiskt obundna och oberoende. Vi str\u00e4var efter att ge fler perspektiv p\u00e5 nyheterna. Har du fr\u00e5gor eller synpunkter kring v\u00e5r rapportering? <a href=\"https:\/\/omni.se\/ledare-gor-som-robyn-sjunger-satsa-pa-ivf\/a\/mailto:redaktion@omni.se\" class=\"ArticleActions_contactLink__W2F1M\" rel=\"nofollow noopener\" target=\"_blank\">Kontakta redaktionen<\/a><\/p>\n","protected":false},"excerpt":{"rendered":"Vad har Lego och Robyn med dagspolitik att g\u00f6ra? Flera ledarsidor tar p\u00e5 fredagen avstamp i kulturen f\u00f6r&hellip;\n","protected":false},"author":2,"featured_media":130492,"comment_status":"","ping_status":"","sticky":false,"template":"","format":"standard","meta":{"footnotes":""},"categories":[67],"tags":[104,511,1633,34,31,33,32,30,105],"class_list":{"0":"post-130491","1":"post","2":"type-post","3":"status-publish","4":"format-standard","5":"has-post-thumbnail","7":"category-underhallning","8":"tag-entertainment","9":"tag-ledare","10":"tag-ledarsvepet","11":"tag-se","12":"tag-svenska","13":"tag-sverige","14":"tag-sweden","15":"tag-swedish","16":"tag-underhallning"},"share_on_mastodon":{"url":"https:\/\/pubeurope.com\/@se\/115864727865886992","error":""},"_links":{"self":[{"href":"https:\/\/www.europesays.com\/se\/wp-json\/wp\/v2\/posts\/130491","targetHints":{"allow":["GET"]}}],"collection":[{"href":"https:\/\/www.europesays.com\/se\/wp-json\/wp\/v2\/posts"}],"about":[{"href":"https:\/\/www.europesays.com\/se\/wp-json\/wp\/v2\/types\/post"}],"author":[{"embeddable":true,"href":"https:\/\/www.europesays.com\/se\/wp-json\/wp\/v2\/users\/2"}],"replies":[{"embeddable":true,"href":"https:\/\/www.europesays.com\/se\/wp-json\/wp\/v2\/comments?post=130491"}],"version-history":[{"count":0,"href":"https:\/\/www.europesays.com\/se\/wp-json\/wp\/v2\/posts\/130491\/revisions"}],"wp:featuredmedia":[{"embeddable":true,"href":"https:\/\/www.europesays.com\/se\/wp-json\/wp\/v2\/media\/130492"}],"wp:attachment":[{"href":"https:\/\/www.europesays.com\/se\/wp-json\/wp\/v2\/media?parent=130491"}],"wp:term":[{"taxonomy":"category","embeddable":true,"href":"https:\/\/www.europesays.com\/se\/wp-json\/wp\/v2\/categories?post=130491"},{"taxonomy":"post_tag","embeddable":true,"href":"https:\/\/www.europesays.com\/se\/wp-json\/wp\/v2\/tags?post=130491"}],"curies":[{"name":"wp","href":"https:\/\/api.w.org\/{rel}","templated":true}]}}