{"id":130493,"date":"2026-01-09T10:44:06","date_gmt":"2026-01-09T10:44:06","guid":{"rendered":"https:\/\/www.europesays.com\/se\/130493\/"},"modified":"2026-01-09T10:44:06","modified_gmt":"2026-01-09T10:44:06","slug":"hd-ska-prova-trumps-tullar-miljarder-pa-spel","status":"publish","type":"post","link":"https:\/\/www.europesays.com\/se\/130493\/","title":{"rendered":"HD ska pr\u00f6va Trumps tullar \u2013 miljarder p\u00e5 spel"},"content":{"rendered":"<p>Mer \u00e4n 1\u00a0000 amerikanska f\u00f6retag v\u00e4ntar sp\u00e4nt p\u00e5 ett besked. Det \u00e4r bland annat sportf\u00f6retagen Reebok och Puma som tillsammans med d\u00e4ckf\u00f6retaget Goodyear som drivit \u00e4rendet i domstol och beg\u00e4rt ers\u00e4ttning f\u00f6r de globala tullar som Donald Trump meddelade f\u00f6rra \u00e5ret i samband med vad som kallades \u201dBefrielsedagen\u201d.<\/p>\n<p>\u2013 Bakgrunden \u00e4r att Donald Trump ville g\u00e5 v\u00e4ldigt snabbt fram och v\u00e4ldigt generellt med tullar. D\u00e5 valde han att ta till en lag som inte tidigare har anv\u00e4nts i det h\u00e4r syftet, s\u00e4ger Elisabet Kopelman, USA-ekonom p\u00e5 SEB till TT.<\/p>\n","protected":false},"excerpt":{"rendered":"Mer \u00e4n 1\u00a0000 amerikanska f\u00f6retag v\u00e4ntar sp\u00e4nt p\u00e5 ett besked. Det \u00e4r bland annat sportf\u00f6retagen Reebok och Puma&hellip;\n","protected":false},"author":2,"featured_media":130494,"comment_status":"","ping_status":"","sticky":false,"template":"","format":"standard","meta":{"footnotes":""},"categories":[65],"tags":[72,70,71,34,31,33,32,30],"class_list":{"0":"post-130493","1":"post","2":"type-post","3":"status-publish","4":"format-standard","5":"has-post-thumbnail","7":"category-ekonomi","8":"tag-business","9":"tag-economy","10":"tag-ekonomi","11":"tag-se","12":"tag-svenska","13":"tag-sverige","14":"tag-sweden","15":"tag-swedish"},"share_on_mastodon":{"url":"https:\/\/pubeurope.com\/@se\/115864735752038617","error":""},"_links":{"self":[{"href":"https:\/\/www.europesays.com\/se\/wp-json\/wp\/v2\/posts\/130493","targetHints":{"allow":["GET"]}}],"collection":[{"href":"https:\/\/www.europesays.com\/se\/wp-json\/wp\/v2\/posts"}],"about":[{"href":"https:\/\/www.europesays.com\/se\/wp-json\/wp\/v2\/types\/post"}],"author":[{"embeddable":true,"href":"https:\/\/www.europesays.com\/se\/wp-json\/wp\/v2\/users\/2"}],"replies":[{"embeddable":true,"href":"https:\/\/www.europesays.com\/se\/wp-json\/wp\/v2\/comments?post=130493"}],"version-history":[{"count":0,"href":"https:\/\/www.europesays.com\/se\/wp-json\/wp\/v2\/posts\/130493\/revisions"}],"wp:featuredmedia":[{"embeddable":true,"href":"https:\/\/www.europesays.com\/se\/wp-json\/wp\/v2\/media\/130494"}],"wp:attachment":[{"href":"https:\/\/www.europesays.com\/se\/wp-json\/wp\/v2\/media?parent=130493"}],"wp:term":[{"taxonomy":"category","embeddable":true,"href":"https:\/\/www.europesays.com\/se\/wp-json\/wp\/v2\/categories?post=130493"},{"taxonomy":"post_tag","embeddable":true,"href":"https:\/\/www.europesays.com\/se\/wp-json\/wp\/v2\/tags?post=130493"}],"curies":[{"name":"wp","href":"https:\/\/api.w.org\/{rel}","templated":true}]}}