{"id":130497,"date":"2026-01-09T10:46:06","date_gmt":"2026-01-09T10:46:06","guid":{"rendered":"https:\/\/www.europesays.com\/se\/130497\/"},"modified":"2026-01-09T10:46:06","modified_gmt":"2026-01-09T10:46:06","slug":"maltid-och-narservice-region-jonkopings-lan","status":"publish","type":"post","link":"https:\/\/www.europesays.com\/se\/130497\/","title":{"rendered":"M\u00e5ltid och n\u00e4rservice, Region J\u00f6nk\u00f6pings l\u00e4n"},"content":{"rendered":"<p>M\u00e5ltid och n\u00e4rservice st\u00f6djer v\u00e5rd och omsorg med mat, lokalv\u00e5rd och patientn\u00e4ra uppgifter. Verksamheten skapar trygghet, omtanke och kvalitet i v\u00e5rdens vardag.<br \/>\nM\u00e5ltidsarbetet inneb\u00e4r att planera, producera och servera n\u00e4ringsriktiga och h\u00e5llbara m\u00e5ltider till patienter, medarbetare och bes\u00f6kare. N\u00e4rservice inneb\u00e4r lokalv\u00e5rd, tv\u00e4tt- och textilhantering samt interna patienttransporter.<\/p>\n<p>                M\u00e5ltid<\/p>\n<p>Vi \u00e4lskar mat \u2013 att tillreda och servera den. Vi lagar mat till kunder med skiftande behov \u2013 patienter, medarbetare, bes\u00f6kare och elever. K\u00f6ken arbetar enligt Region J\u00f6nk\u00f6pings l\u00e4ns h\u00e5llbarhetsm\u00e5l, som omfattar minskat matsvinn och en h\u00e5llbar produktion.<\/p>\n<p>Maten tillagas fr\u00e5n grunden och utan on\u00f6diga tillsatser. R\u00e5varorna som anv\u00e4nds \u00e4r till st\u00f6rsta delen svenska och ekologiska. Alla v\u00e5ra k\u00f6k inom Region J\u00f6nk\u00f6pings l\u00e4n \u00e4r KRAV-certifierade och v\u00e5ra r\u00e5varor \u00e4r minst 58 procent ekologiska.<\/p>\n<p>D\u00e4rf\u00f6r ska du jobba hos oss<\/p>\n<p>Du f\u00e5r jobba med ett g\u00e4ng som har &#8221;hj\u00e4rtat i maten&#8221;. F\u00f6r oss som jobbar h\u00e4r \u00e4r det viktigt att \u00e4lska mat och hur man tillreder och serverar den och att ha ett trevligt kundbem\u00f6tande. Vi vill gl\u00e4dja v\u00e5ra kunder med en god m\u00e5ltidsupplevelse.<\/p>\n<p>V\u00e5rt hj\u00e4rta klappar \u00e4ven f\u00f6r klimatsmart mat och vi har en positiv utveckling och m\u00e5luppfyllelse n\u00e4r det g\u00e4ller Region J\u00f6nk\u00f6pings l\u00e4ns h\u00e5llbarhetsm\u00e5l.<\/p>\n<p>Kompetens vi s\u00f6ker<\/p>\n<p>M\u00e5ltid beh\u00f6ver fr\u00e4mst rekrytera k\u00f6ks-\/serveringsbitr\u00e4den och kockar. P\u00e5 somrarna har vi behov av ett antal k\u00f6ks-\/serveringsbitr\u00e4den inom disk, st\u00e4d och transport och n\u00e5gra f\u00e5 kockar.<\/p>\n<p>N\u00e4rservice<\/p>\n<p>Utifr\u00e5n sjukv\u00e5rdens speciella krav tillgodoser vi Region J\u00f6nk\u00f6pings l\u00e4ns behov och \u00f6nskem\u00e5l av olika tj\u00e4nster inom service som ska bedrivas kostnadseffektivt, med r\u00e4tt kompetens, r\u00e4tt kvalitetsniv\u00e5 och ekonomi i balans.<\/p>\n<p>Att reng\u00f6ra och b\u00e4dda patients\u00e4ngar, transportera patienter inom sjukhusen, best\u00e4lla och packa upp textilier och f\u00f6rr\u00e5d, m\u00e5ltidshantering i avdelningsk\u00f6k och slutst\u00e4dning vid patienters hemg\u00e5ng \u00e4r delar av VNS.<\/p>\n<p>\u00c4r du intresserad av att jobba hos oss? Varmt v\u00e4lkommen med din intresseanm\u00e4lan!<\/p>\n<p>Du g\u00f6r din intresseanm\u00e4lan till oss via l\u00e4nken nedan. I din intresseanm\u00e4lan \u00f6nskar vi att du inkluderar\u00a0<strong>ett filmklipp<\/strong>\u00a0d\u00e4r du kort beskriver dig sj\u00e4lv och vad som lockar dig med att arbeta inom N\u00e4rservice. Vi tar emot filmer i formaten .mp4, .mov och .wmv och storleken kan vara upp till 100 MB. Vi \u00f6nskar \u00e4ven att du bifogar ett CV d\u00e4r du beskriver dina tidigare arbetslivserfarenheter. Vi g\u00e5r igenom inkommande intresseanm\u00e4lningar l\u00f6pande.<\/p>\n<p>Vi ser fram emot just din intresseanm\u00e4lan via l\u00e4nk:\u00a0<a href=\"https:\/\/bmc.rjl.se\/Modules\/Recruitments\/Public\/?RecruitmentId=109307\" rel=\"nofollow noopener\" target=\"_blank\">Intresseanm\u00e4lan servicepersonal. (Extern l\u00e4nk)<\/a><\/p>\n","protected":false},"excerpt":{"rendered":"M\u00e5ltid och n\u00e4rservice st\u00f6djer v\u00e5rd och omsorg med mat, lokalv\u00e5rd och patientn\u00e4ra uppgifter. Verksamheten skapar trygghet, omtanke och&hellip;\n","protected":false},"author":2,"featured_media":130498,"comment_status":"","ping_status":"","sticky":false,"template":"","format":"standard","meta":{"footnotes":""},"categories":[12],"tags":[22,23,26,27,17,21,24,25,28,29,15,16,18,34,31,33,32,30,19,20],"class_list":{"0":"post-130497","1":"post","2":"type-post","3":"status-publish","4":"format-standard","5":"has-post-thumbnail","7":"category-sverige","8":"tag-breaking-news","9":"tag-breakingnews","10":"tag-featured-news","11":"tag-featurednews","12":"tag-headlines","13":"tag-huvudnyheter","14":"tag-latest-news","15":"tag-latestnews","16":"tag-main-news","17":"tag-mainnews","18":"tag-news","19":"tag-nyheter","20":"tag-rubriker","21":"tag-se","22":"tag-svenska","23":"tag-sverige","24":"tag-sweden","25":"tag-swedish","26":"tag-top-stories","27":"tag-topstories"},"share_on_mastodon":{"url":"https:\/\/pubeurope.com\/@se\/115864743643161850","error":""},"_links":{"self":[{"href":"https:\/\/www.europesays.com\/se\/wp-json\/wp\/v2\/posts\/130497","targetHints":{"allow":["GET"]}}],"collection":[{"href":"https:\/\/www.europesays.com\/se\/wp-json\/wp\/v2\/posts"}],"about":[{"href":"https:\/\/www.europesays.com\/se\/wp-json\/wp\/v2\/types\/post"}],"author":[{"embeddable":true,"href":"https:\/\/www.europesays.com\/se\/wp-json\/wp\/v2\/users\/2"}],"replies":[{"embeddable":true,"href":"https:\/\/www.europesays.com\/se\/wp-json\/wp\/v2\/comments?post=130497"}],"version-history":[{"count":0,"href":"https:\/\/www.europesays.com\/se\/wp-json\/wp\/v2\/posts\/130497\/revisions"}],"wp:featuredmedia":[{"embeddable":true,"href":"https:\/\/www.europesays.com\/se\/wp-json\/wp\/v2\/media\/130498"}],"wp:attachment":[{"href":"https:\/\/www.europesays.com\/se\/wp-json\/wp\/v2\/media?parent=130497"}],"wp:term":[{"taxonomy":"category","embeddable":true,"href":"https:\/\/www.europesays.com\/se\/wp-json\/wp\/v2\/categories?post=130497"},{"taxonomy":"post_tag","embeddable":true,"href":"https:\/\/www.europesays.com\/se\/wp-json\/wp\/v2\/tags?post=130497"}],"curies":[{"name":"wp","href":"https:\/\/api.w.org\/{rel}","templated":true}]}}