{"id":130499,"date":"2026-01-09T10:48:15","date_gmt":"2026-01-09T10:48:15","guid":{"rendered":"https:\/\/www.europesays.com\/se\/130499\/"},"modified":"2026-01-09T10:48:15","modified_gmt":"2026-01-09T10:48:15","slug":"ganska-sjukt-att-skriva-ett-sa-stort-kontrakt-vp","status":"publish","type":"post","link":"https:\/\/www.europesays.com\/se\/130499\/","title":{"rendered":"\u201dGanska sjukt att skriva ett s\u00e5 stort kontrakt\u201d \u2013 VP"},"content":{"rendered":"<p>Hockeylivet leker f\u00f6r Linus Karlsson som nyligen bel\u00f6nades med ett nytt NHL-kontrakt. <\/p>\n<p>I en l\u00e4ngre intervju ber\u00e4ttar Landsbrosonen om den l\u00e5nga v\u00e4gen dit, tillf\u00e4llena d\u00e5 han kunde ha gett upp, vikten av att vara en f\u00f6rebild hemma och den tryggade ekonomin. <\/p>\n<p>\u2013 Det \u00e4r ganska sjukt att skriva ett s\u00e5 stort kontrakt, s\u00e4ger han. <\/p>\n<p><img loading=\"lazy\" decoding=\"async\" width=\"980\" height=\"551\" class=\"article-image article-image--featured\" alt=\"Linus Karlsson avslutade 2025 med att vara inne i ett m\u00e5lstim f\u00f6r sitt Vancouver Canucks och han inledde det nya \u00e5ret med att skriva ett nytt tv\u00e5\u00e5rskontrakt med sin NHL-klubb v\u00e4rt \u00f6ver 40 miljoner svenska kronor.\" src=\"https:\/\/www.europesays.com\/se\/wp-content\/uploads\/2026\/01\/285d9643-f23c-4684-914d-d05f6f9aeaf7.jpeg\"  \/><a class=\"article__lightbox-link\" href=\"https:\/\/static.bonniernews.se\/ba\/285d9643-f23c-4684-914d-d05f6f9aeaf7.jpeg?crop=6465%2C3637%2Cx0%2Cy337&amp;width=1400&amp;format=pjpg&amp;auto=avif\" data-pswp-width=\"1400\" data-pswp-height=\"788\" data-pswp-caption=\"Linus Karlsson avslutade 2025 med att vara inne i ett m\u00e5lstim f\u00f6r sitt Vancouver Canucks och han inledde det nya \u00e5ret med att skriva ett nytt tv\u00e5\u00e5rskontrakt med sin NHL-klubb v\u00e4rt \u00f6ver 40 miljoner svenska kronor. Bild: Lindsey Wasson\" data-pswp- rel=\"nofollow noopener\" target=\"_blank\">\u00d6ppna bild i helsk\u00e4rmsl\u00e4ge<\/a><\/p>\n<p class=\"txt-style-muted\" aria-hidden=\"true\">Linus Karlsson avslutade 2025 med att vara inne i ett m\u00e5lstim f\u00f6r sitt Vancouver Canucks och han inledde det nya \u00e5ret med att skriva ett nytt tv\u00e5\u00e5rskontrakt med sin NHL-klubb v\u00e4rt \u00f6ver 40 miljoner svenska kronor.<\/p>\n<p class=\"article__figcaption-attribution txt-style-muted\">Bild: Lindsey Wasson<\/p>\n<p>N\u00e4r VP-sporten n\u00e5r Linus Karlsson sent under onsdagskv\u00e4llen \u00e4r det fortfarande tidig f\u00f6rmiddag f\u00f6r honom borta i Kanada. Han har nyligen skrivit p\u00e5 ett nytt tv\u00e5-\u00e5rskontrakt med Vancouver Canucks och \u00e4r mitt uppe i att etablera sig p\u00e5 allvar i v\u00e4rldens b\u00e4sta liga. <\/p>\n<p>Tekniskt fel<\/p>\n<p class=\"message__text txt-ui txt-ui-2\">V\u00e4nligen f\u00f6rs\u00f6k igen senare.<\/p>\n<p>Den h\u00e4r artikeln \u00e4r bara f\u00f6r prenumeranter<\/p>\n<p class=\"txt-body txt-body-1\">Om du redan \u00e4r prenumerant: logga in!<\/p>\n","protected":false},"excerpt":{"rendered":"Hockeylivet leker f\u00f6r Linus Karlsson som nyligen bel\u00f6nades med ett nytt NHL-kontrakt. I en l\u00e4ngre intervju ber\u00e4ttar Landsbrosonen&hellip;\n","protected":false},"author":2,"featured_media":130500,"comment_status":"","ping_status":"","sticky":false,"template":"","format":"standard","meta":{"footnotes":""},"categories":[5],"tags":[22,23,26,27,17,21,24,25,28,29,15,16,18,34,31,33,32,30,19,20],"class_list":{"0":"post-130499","1":"post","2":"type-post","3":"status-publish","4":"format-standard","5":"has-post-thumbnail","7":"category-rubriker","8":"tag-breaking-news","9":"tag-breakingnews","10":"tag-featured-news","11":"tag-featurednews","12":"tag-headlines","13":"tag-huvudnyheter","14":"tag-latest-news","15":"tag-latestnews","16":"tag-main-news","17":"tag-mainnews","18":"tag-news","19":"tag-nyheter","20":"tag-rubriker","21":"tag-se","22":"tag-svenska","23":"tag-sverige","24":"tag-sweden","25":"tag-swedish","26":"tag-top-stories","27":"tag-topstories"},"share_on_mastodon":{"url":"https:\/\/pubeurope.com\/@se\/115864751510169883","error":""},"_links":{"self":[{"href":"https:\/\/www.europesays.com\/se\/wp-json\/wp\/v2\/posts\/130499","targetHints":{"allow":["GET"]}}],"collection":[{"href":"https:\/\/www.europesays.com\/se\/wp-json\/wp\/v2\/posts"}],"about":[{"href":"https:\/\/www.europesays.com\/se\/wp-json\/wp\/v2\/types\/post"}],"author":[{"embeddable":true,"href":"https:\/\/www.europesays.com\/se\/wp-json\/wp\/v2\/users\/2"}],"replies":[{"embeddable":true,"href":"https:\/\/www.europesays.com\/se\/wp-json\/wp\/v2\/comments?post=130499"}],"version-history":[{"count":0,"href":"https:\/\/www.europesays.com\/se\/wp-json\/wp\/v2\/posts\/130499\/revisions"}],"wp:featuredmedia":[{"embeddable":true,"href":"https:\/\/www.europesays.com\/se\/wp-json\/wp\/v2\/media\/130500"}],"wp:attachment":[{"href":"https:\/\/www.europesays.com\/se\/wp-json\/wp\/v2\/media?parent=130499"}],"wp:term":[{"taxonomy":"category","embeddable":true,"href":"https:\/\/www.europesays.com\/se\/wp-json\/wp\/v2\/categories?post=130499"},{"taxonomy":"post_tag","embeddable":true,"href":"https:\/\/www.europesays.com\/se\/wp-json\/wp\/v2\/tags?post=130499"}],"curies":[{"name":"wp","href":"https:\/\/api.w.org\/{rel}","templated":true}]}}