{"id":130505,"date":"2026-01-09T10:53:07","date_gmt":"2026-01-09T10:53:07","guid":{"rendered":"https:\/\/www.europesays.com\/se\/130505\/"},"modified":"2026-01-09T10:53:07","modified_gmt":"2026-01-09T10:53:07","slug":"uppgifter-till-dn-ny-stor-agare-kan-radda-stegra","status":"publish","type":"post","link":"https:\/\/www.europesays.com\/se\/130505\/","title":{"rendered":"Uppgifter till DN: Ny stor \u00e4gare kan r\u00e4dda Stegra"},"content":{"rendered":"<p>Tillf\u00e4lliga l\u00e5n tills \u00e4garen \u00e4r klar<\/p>\n<p>Men nu ser allts\u00e5 l\u00e4get ut att ha f\u00f6r\u00e4ndrats. Uppl\u00e4gget f\u00f6r finansieringen har inte slagits fast men ska ske med tillf\u00e4lliga l\u00e5n tills att en ny \u00e4gare kan g\u00e5 in med aktiekapital.<\/p>\n<p>\u2013 Det handlar om en tidsbegr\u00e4nsad period f\u00f6r att kratta manegen f\u00f6r den nya investeraren, s\u00e4ger en k\u00e4lla till DN.<\/p>\n<p>Stegra vill inte kommentera de nya uppgifterna f\u00f6r DN.<\/p>\n<p>Produktionsstarten p\u00e5 st\u00e5lverket i Boden har flyttats fram och den nuvarande prognosen \u00e4r satt till slutet av 2026 eller b\u00f6rjan p\u00e5 2027.<\/p>\n","protected":false},"excerpt":{"rendered":"Tillf\u00e4lliga l\u00e5n tills \u00e4garen \u00e4r klar Men nu ser allts\u00e5 l\u00e4get ut att ha f\u00f6r\u00e4ndrats. Uppl\u00e4gget f\u00f6r finansieringen&hellip;\n","protected":false},"author":2,"featured_media":130506,"comment_status":"","ping_status":"","sticky":false,"template":"","format":"standard","meta":{"footnotes":""},"categories":[65],"tags":[72,70,71,34,31,33,32,30],"class_list":{"0":"post-130505","1":"post","2":"type-post","3":"status-publish","4":"format-standard","5":"has-post-thumbnail","7":"category-ekonomi","8":"tag-business","9":"tag-economy","10":"tag-ekonomi","11":"tag-se","12":"tag-svenska","13":"tag-sverige","14":"tag-sweden","15":"tag-swedish"},"share_on_mastodon":{"url":"https:\/\/pubeurope.com\/@se\/115864771175969956","error":""},"_links":{"self":[{"href":"https:\/\/www.europesays.com\/se\/wp-json\/wp\/v2\/posts\/130505","targetHints":{"allow":["GET"]}}],"collection":[{"href":"https:\/\/www.europesays.com\/se\/wp-json\/wp\/v2\/posts"}],"about":[{"href":"https:\/\/www.europesays.com\/se\/wp-json\/wp\/v2\/types\/post"}],"author":[{"embeddable":true,"href":"https:\/\/www.europesays.com\/se\/wp-json\/wp\/v2\/users\/2"}],"replies":[{"embeddable":true,"href":"https:\/\/www.europesays.com\/se\/wp-json\/wp\/v2\/comments?post=130505"}],"version-history":[{"count":0,"href":"https:\/\/www.europesays.com\/se\/wp-json\/wp\/v2\/posts\/130505\/revisions"}],"wp:featuredmedia":[{"embeddable":true,"href":"https:\/\/www.europesays.com\/se\/wp-json\/wp\/v2\/media\/130506"}],"wp:attachment":[{"href":"https:\/\/www.europesays.com\/se\/wp-json\/wp\/v2\/media?parent=130505"}],"wp:term":[{"taxonomy":"category","embeddable":true,"href":"https:\/\/www.europesays.com\/se\/wp-json\/wp\/v2\/categories?post=130505"},{"taxonomy":"post_tag","embeddable":true,"href":"https:\/\/www.europesays.com\/se\/wp-json\/wp\/v2\/tags?post=130505"}],"curies":[{"name":"wp","href":"https:\/\/api.w.org\/{rel}","templated":true}]}}