{"id":130509,"date":"2026-01-09T10:56:32","date_gmt":"2026-01-09T10:56:32","guid":{"rendered":"https:\/\/www.europesays.com\/se\/130509\/"},"modified":"2026-01-09T10:56:32","modified_gmt":"2026-01-09T10:56:32","slug":"skrev-inlagg-innan-karens-gatt-igang","status":"publish","type":"post","link":"https:\/\/www.europesays.com\/se\/130509\/","title":{"rendered":"Skrev inl\u00e4gg \u201dinnan karens g\u00e5tt ig\u00e5ng\u201d"},"content":{"rendered":"<p>Veckan innan jul <a href=\"https:\/\/www.svt.se\/kultur\/gina-dirawi-och-hampus-nessvold-programledare-for-mello-2025\" rel=\"nofollow noopener\" target=\"_blank\">meddelade SVT<\/a> att Hampus Nessvold och Gina Dirawi kommer programleda Melodifestivalen n\u00e4sta \u00e5r. P\u00e5 annandagen skrev Dirawi ett inl\u00e4gg p\u00e5 Facebook d\u00e4r hon motiverade att hon tacka ja till uppdraget.<\/p>\n<p>\u201dMin medverkan befriar varken SVT eller EBU fr\u00e5n ansvar. Det \u00e4r de som m\u00e5ste svara p\u00e5 hur allvarliga anklagelser om brott mot m\u00e4nskligheten &amp; f*lkmord kan samexistera med en t\u00e4vling som s\u00e4ger sig handla om fred, gemenskap &amp; medm\u00e4nskliga v\u00e4rden\u201d skrev Diwari bland annat.<\/p>\n<p>Diwaris inl\u00e4gg fick h\u00e5rd kritik av bland andra tidigare M-poltikern och Eurovision-vinnaren Richard Herrey, som menade att Dirawis inl\u00e4gg \u201dstrider mot allt SVT och Melodifestivalen s\u00e4ger sig st\u00e5 f\u00f6r.\u201d<\/p>\n<p>\u2013 SVT har sin policy och \u00e4r v\u00e4ldigt noggranna i vissa skeenden med att saker inte ska vara politiska. Men i det h\u00e4r fallet g\u00e5r programledaren sj\u00e4lv ut och i princip s\u00e4ger att det \u00e4r politiskt och en viktig symbolisk handling att hon ska vara med, sade Herrey t<a href=\"https:\/\/www.aftonbladet.se\/nojesbladet\/melodifestivalen\/a\/M7RanR\/gina-dirawi-kritiseras-efter-uttlande-om-melodifestivalen-och-palestinier\" rel=\"nofollow noopener\" target=\"_blank\">ill Aftobladet<\/a>.<\/p>\n<p>\u2013 Det h\u00e4r strider ju mot allt som SVT s\u00e4ger sig ska g\u00f6ra och de ansvar de s\u00e4ger att de tar. Om SVT verkligen s\u00e4ger sig ha de h\u00e4r principerna som de s\u00e4ger sig ha, d\u00e5 m\u00e5ste de ocks\u00e5 visa att de har det, fortsatte han.<\/p>\n<p> \u201dNu har karensen g\u00e5tt ig\u00e5ng, jag har sagt det jag vill s\u00e4ga\u201d <\/p>\n<p>Nu kommenterar Dirawi sitt inl\u00e4gg i en intervju med <a href=\"https:\/\/www.svt.se\/kultur\/gina-dirawi-om-kritiserade-inlagget-jag-har-sagt-det-jag-vill-saga\" rel=\"nofollow noopener\" target=\"_blank\">SVT Nyheter kultur.<\/a><\/p>\n<p>\u2013 N\u00e4r nyheten sl\u00e4pptes s\u00e5 var det extremt mycket k\u00e4rlek men det kom ocks\u00e5 kritik och \u00e5sikter och jag k\u00e4nde att det var viktigt f\u00f6r mig att ber\u00e4tta om mitt varf\u00f6r, s\u00e4ger hon till kanalen.<\/p>\n<p>I samband med att Dirawis Facebook-inl\u00e4gg f\u00f6rst publicerades skrev Melodifestivalens projektledare Anders Wistbacka i ett mejl till flera medier, inklusive Bulletin, att inl\u00e4gget \u201dkom ov\u00e4ntat och jag och Gina har talat med varandra om det\u201d.<\/p>\n<p>\u201dJag har varit tydlig med vad som g\u00e4ller f\u00f6r programledare p\u00e5 SVT. Alla har r\u00e4tt till sina \u00e5sikter. Det avg\u00f6rande f\u00f6r v\u00e5r del \u00e4r att personliga \u00e5sikter i kontroversiella fr\u00e5gor inte ska uttryckas av f\u00f6retr\u00e4dare f\u00f6r SVT. Fr\u00e5n nu och till efter Melodifestivalen utg\u00e5r jag ifr\u00e5n att Gina inte g\u00f6r fler uttalanden av den h\u00e4r sorten\u201d fortsatte han.<\/p>\n<p>N\u00e4r SVT h\u00e4nvisar till Wistbackas kommentar s\u00e4ger Dirawi att hon skrev in\u00e4gget \u201dinnan min karens har g\u00e5tt ig\u00e5ng\u201d.<\/p>\n<p>\u2013 Nu har karensen g\u00e5tt ig\u00e5ng, jag har sagt det jag vill s\u00e4ga, och nu ska jag foka p\u00e5 att leda en melodifestival f\u00f6r alla. Det \u00e4r det vi ska g\u00f6ra.<\/p>\n<p><strong>SVT: Kommer det g\u00e5 att undvika att prata om de h\u00e4r fr\u00e5gorna, veckorna som&#8230; m\u00e5naderna&#8230;.<\/strong><\/p>\n<p>\u2013 Nej, men allts\u00e5 jag k\u00e4nner att jag har ocks\u00e5 pratat om det, och sagt mitt, liksom, s\u00e4ger Gina Dirawi.<\/p>\n","protected":false},"excerpt":{"rendered":"Veckan innan jul meddelade SVT att Hampus Nessvold och Gina Dirawi kommer programleda Melodifestivalen n\u00e4sta \u00e5r. P\u00e5 annandagen&hellip;\n","protected":false},"author":2,"featured_media":130510,"comment_status":"","ping_status":"","sticky":false,"template":"","format":"standard","meta":{"footnotes":""},"categories":[5],"tags":[22,23,26,27,17,21,24,25,28,29,15,16,18,34,31,33,32,30,19,20],"class_list":{"0":"post-130509","1":"post","2":"type-post","3":"status-publish","4":"format-standard","5":"has-post-thumbnail","7":"category-rubriker","8":"tag-breaking-news","9":"tag-breakingnews","10":"tag-featured-news","11":"tag-featurednews","12":"tag-headlines","13":"tag-huvudnyheter","14":"tag-latest-news","15":"tag-latestnews","16":"tag-main-news","17":"tag-mainnews","18":"tag-news","19":"tag-nyheter","20":"tag-rubriker","21":"tag-se","22":"tag-svenska","23":"tag-sverige","24":"tag-sweden","25":"tag-swedish","26":"tag-top-stories","27":"tag-topstories"},"share_on_mastodon":{"url":"https:\/\/pubeurope.com\/@se\/115864782916512495","error":""},"_links":{"self":[{"href":"https:\/\/www.europesays.com\/se\/wp-json\/wp\/v2\/posts\/130509","targetHints":{"allow":["GET"]}}],"collection":[{"href":"https:\/\/www.europesays.com\/se\/wp-json\/wp\/v2\/posts"}],"about":[{"href":"https:\/\/www.europesays.com\/se\/wp-json\/wp\/v2\/types\/post"}],"author":[{"embeddable":true,"href":"https:\/\/www.europesays.com\/se\/wp-json\/wp\/v2\/users\/2"}],"replies":[{"embeddable":true,"href":"https:\/\/www.europesays.com\/se\/wp-json\/wp\/v2\/comments?post=130509"}],"version-history":[{"count":0,"href":"https:\/\/www.europesays.com\/se\/wp-json\/wp\/v2\/posts\/130509\/revisions"}],"wp:featuredmedia":[{"embeddable":true,"href":"https:\/\/www.europesays.com\/se\/wp-json\/wp\/v2\/media\/130510"}],"wp:attachment":[{"href":"https:\/\/www.europesays.com\/se\/wp-json\/wp\/v2\/media?parent=130509"}],"wp:term":[{"taxonomy":"category","embeddable":true,"href":"https:\/\/www.europesays.com\/se\/wp-json\/wp\/v2\/categories?post=130509"},{"taxonomy":"post_tag","embeddable":true,"href":"https:\/\/www.europesays.com\/se\/wp-json\/wp\/v2\/tags?post=130509"}],"curies":[{"name":"wp","href":"https:\/\/api.w.org\/{rel}","templated":true}]}}