{"id":130513,"date":"2026-01-09T10:59:23","date_gmt":"2026-01-09T10:59:23","guid":{"rendered":"https:\/\/www.europesays.com\/se\/130513\/"},"modified":"2026-01-09T10:59:23","modified_gmt":"2026-01-09T10:59:23","slug":"85-arige-brian-de-palma-atervander-med-ny-thriller-inspirerad-av-true-crime-tv","status":"publish","type":"post","link":"https:\/\/www.europesays.com\/se\/130513\/","title":{"rendered":"85-\u00e5rige Brian de Palma \u00e5terv\u00e4nder med ny thriller \u2013 inspirerad av true-crime-tv"},"content":{"rendered":"<p><strong>Brian de Palma<\/strong> \u00e4r 85 \u00e5r gammal, men efter m\u00e5nga \u00e5r av misslyckade f\u00f6rs\u00f6k \u00e4r han \u00e4ntligen p\u00e5 g\u00e5ng med en ny film.<\/p>\n<p>Regiss\u00f6ren beh\u00f6ver knappast n\u00e5gon n\u00e4rmare introduktion. Han var en av nyckelfigurerna i nya Hollywood p\u00e5 70-talet \u2013 tillsammans med bland annat Martin Scorsese och Steven Spielberg \u2013 och har gett oss klassiker som <a href=\"https:\/\/www.moviezine.se\/movies\/carrie\" rel=\"nofollow noopener\" target=\"_blank\">\u201dCarrie\u201d<\/a>, <a href=\"https:\/\/www.moviezine.se\/movies\/vittnet-maste-tystas\" rel=\"nofollow noopener\" target=\"_blank\">\u201dVittnet m\u00e5ste tystas\u201d<\/a>, <a href=\"https:\/\/www.moviezine.se\/movies\/scarface\" rel=\"nofollow noopener\" target=\"_blank\">\u201dScarface\u201d<\/a>, <a href=\"https:\/\/www.moviezine.se\/movies\/de-omutbara\" rel=\"nofollow noopener\" target=\"_blank\">\u201dDe omutbara\u201d<\/a>, <a href=\"https:\/\/www.moviezine.se\/movies\/mission-impossible\" rel=\"nofollow noopener\" target=\"_blank\">\u201dMission: Impossible\u201d<\/a> och m\u00e5nga fler.<\/p>\n<p>Hans senaste film var 2019 \u00e5rs s\u00e5gade thriller <a href=\"https:\/\/www.moviezine.se\/movies\/domino-2019\" rel=\"nofollow noopener\" target=\"_blank\">\u201dDomino\u201d<\/a>. Men i sommar b\u00f6rjar han \u00e4ntligen spela in ytterligare en thriller med titeln <strong>\u201dSweet Vengeance\u201d<\/strong>. Det avsl\u00f6jar <a href=\"https:\/\/thefilmstage.com\/brian-de-palma-will-direct-sweet-vengeance-this-summer\/\" rel=\"nofollow noopener\" target=\"_blank\">The Film Stage<\/a>.<\/p>\n<p>F\u00f6rsta g\u00e5ngen Brian de Palma n\u00e4mnde \u201dSweet Vengeance\u201d var 2018. D\u00e5 avsl\u00f6jade han att den \u00e4r inspirerad av tv\u00e5 sanna mord \u2013 och av true-crime-tv.<\/p>\n<p>\u2013 Jag \u00e4r intresserad av hur de ber\u00e4ttar historien om brottet, s\u00e5 jag t\u00e4nker g\u00f6ra det p\u00e5 samma s\u00e4tt som de g\u00f6r p\u00e5 tv, sade han d\u00e5 till uruguayanska medier.<\/p>\n<p>Regiss\u00f6ren har haft flera projekt p\u00e5 g\u00e5ng de senaste \u00e5ren, bland annat en thriller om Harvey Weinstein. Men g\u00e5ng p\u00e5 g\u00e5ng har de st\u00f6tt p\u00e5 hinder n\u00e4r det kommer till finansieringen, och vi var m\u00e5nga som trodde att den legendariska regiss\u00f6ren hade gjort sin sista film.<\/p>\n<p>Den aktuella planen \u00e4r att spela in \u201dSweet Vengeance\u201d i Portugal i sommar. F\u00f6rhoppningsvis inneb\u00e4r det en premi\u00e4r n\u00e5gon g\u00e5ng under 2027. <\/p>\n<p>L\u00e4s ocks\u00e5: <a href=\"https:\/\/www.moviezine.se\/nyheter\/al-pacino-valjer-sin-favoritroll-inget-kommer-i-narheten-av-den\" title=\"Al Pacino v\u00e4ljer sin favoritroll: \u201dInget kommer i n\u00e4rheten av den\u201d\" class=\"underline-custom !font-montserrat !font-bold !underline-offset-4 !decoration-4 !decoration-moviezine-green !text-md\" rel=\"nofollow noopener\" target=\"_blank\">Al Pacino v\u00e4ljer sin favoritroll: \u201dInget kommer i n\u00e4rheten av den\u201d<\/a><\/p>\n<p>L\u00e4s ocks\u00e5: <a href=\"https:\/\/www.moviezine.se\/nyheter\/brian-de-palma-sista-film\" title=\"Brian De Palma t\u00e4nker g\u00f6ra en sista film: \u201dKommer bli kul att avsl\u00f6ja vad det \u00e4r\u201d\" class=\"underline-custom !font-montserrat !font-bold !underline-offset-4 !decoration-4 !decoration-moviezine-green !text-md\" rel=\"nofollow noopener\" target=\"_blank\">Brian De Palma t\u00e4nker g\u00f6ra en sista film: \u201dKommer bli kul att avsl\u00f6ja vad det \u00e4r\u201d<\/a><\/p>\n","protected":false},"excerpt":{"rendered":"Brian de Palma \u00e4r 85 \u00e5r gammal, men efter m\u00e5nga \u00e5r av misslyckade f\u00f6rs\u00f6k \u00e4r han \u00e4ntligen p\u00e5&hellip;\n","protected":false},"author":2,"featured_media":130514,"comment_status":"","ping_status":"","sticky":false,"template":"","format":"standard","meta":{"footnotes":""},"categories":[67],"tags":[104,2278,34,31,33,32,30,105],"class_list":{"0":"post-130513","1":"post","2":"type-post","3":"status-publish","4":"format-standard","5":"has-post-thumbnail","7":"category-underhallning","8":"tag-entertainment","9":"tag-kommande-filmer","10":"tag-se","11":"tag-svenska","12":"tag-sverige","13":"tag-sweden","14":"tag-swedish","15":"tag-underhallning"},"share_on_mastodon":{"url":"https:\/\/pubeurope.com\/@se\/115864794754324479","error":""},"_links":{"self":[{"href":"https:\/\/www.europesays.com\/se\/wp-json\/wp\/v2\/posts\/130513","targetHints":{"allow":["GET"]}}],"collection":[{"href":"https:\/\/www.europesays.com\/se\/wp-json\/wp\/v2\/posts"}],"about":[{"href":"https:\/\/www.europesays.com\/se\/wp-json\/wp\/v2\/types\/post"}],"author":[{"embeddable":true,"href":"https:\/\/www.europesays.com\/se\/wp-json\/wp\/v2\/users\/2"}],"replies":[{"embeddable":true,"href":"https:\/\/www.europesays.com\/se\/wp-json\/wp\/v2\/comments?post=130513"}],"version-history":[{"count":0,"href":"https:\/\/www.europesays.com\/se\/wp-json\/wp\/v2\/posts\/130513\/revisions"}],"wp:featuredmedia":[{"embeddable":true,"href":"https:\/\/www.europesays.com\/se\/wp-json\/wp\/v2\/media\/130514"}],"wp:attachment":[{"href":"https:\/\/www.europesays.com\/se\/wp-json\/wp\/v2\/media?parent=130513"}],"wp:term":[{"taxonomy":"category","embeddable":true,"href":"https:\/\/www.europesays.com\/se\/wp-json\/wp\/v2\/categories?post=130513"},{"taxonomy":"post_tag","embeddable":true,"href":"https:\/\/www.europesays.com\/se\/wp-json\/wp\/v2\/tags?post=130513"}],"curies":[{"name":"wp","href":"https:\/\/api.w.org\/{rel}","templated":true}]}}