{"id":130515,"date":"2026-01-09T11:01:29","date_gmt":"2026-01-09T11:01:29","guid":{"rendered":"https:\/\/www.europesays.com\/se\/130515\/"},"modified":"2026-01-09T11:01:29","modified_gmt":"2026-01-09T11:01:29","slug":"clas-ohlsons-forsaljning-slog-rekord-vasterbottens-kuriren","status":"publish","type":"post","link":"https:\/\/www.europesays.com\/se\/130515\/","title":{"rendered":"Clas Ohlsons f\u00f6rs\u00e4ljning slog rekord &#8211; V\u00e4sterbottens-Kuriren"},"content":{"rendered":"<ol>\n<li><a href=\"https:\/\/news.google.com\/rss\/articles\/CBMie0FVX3lxTE9QLVMzVERtb2FCNDB1bXdsYVM1b1dkSG5jTVBSVF8wdEpYWlBpVlRuVXpMWnNGcVBzSnBjdmV6WFJDbHlkWFp0X1huazVrNkdHZGNWRUpTaV80bGoxLWdNQ1hiVnl4WmRlNVZ5b3N3cHFJa0ZXalhFYzhlOA?oc=5\" target=\"_blank\" rel=\"nofollow noopener\">Clas Ohlsons f\u00f6rs\u00e4ljning slog rekord<\/a>&nbsp;&nbsp;V\u00e4sterbottens-Kuriren<\/li>\n<li><a href=\"https:\/\/news.google.com\/rss\/articles\/CBMigAFBVV95cUxQeFNNc3BBbFlVbWRoeTludFIwSTdsYnltNGQ1dHVnU0wwUWEyTmF4N1hPNm5uSkg0YXFtWmMyN25HUDlMMXRJTzl1bEhTLWM1TnQxbGQ4ZkdMZmZlUTJOUWZ0TG5DUURZbndEM0NnM09WbHZWZndVMzVKY3FWUTVtdA?oc=5\" target=\"_blank\" rel=\"nofollow noopener\">Pareto: Tufft f\u00f6r Clas Ohlson att n\u00e5 f\u00f6rv\u00e4ntningarna<\/a>&nbsp;&nbsp;DI<\/li>\n<li><a href=\"https:\/\/news.google.com\/rss\/articles\/CBMiekFVX3lxTFBqWjZmRGt1RkVGMEpTanFVS0k5N0NVU3RJdHZWVmJmNi15NHU2T1VvZm9uZTRHdGh0VXJMY3NwbGFqdnAxTTlNT2tvWFdRTGl1YXE2NDhIMWZwTDh0Wi0yeFkzZ01XdWM1czhwS0ljcnlQb1FIQ09tRWp3?oc=5\" target=\"_blank\" rel=\"nofollow noopener\">Rekord f\u00f6r prylj\u00e4tten \u2013 \u00f6ppnade fler butiker<\/a>&nbsp;&nbsp;Expressen<\/li>\n<li><a href=\"https:\/\/news.google.com\/rss\/articles\/CBMickFVX3lxTE1lbXNUeFJuQ2NZdDhxUG9PQXg0N2UyNXczNm01Z0U4eGNLSnR6c21uU0JLTjdvNXBvZFlSTnVpV095WXhkb05JNWZseHpyUV95ZWgxcFRpMmR0bUZqSnowRl9jQ1pGMlRHQTVzaHVjQTdXdw?oc=5\" target=\"_blank\" rel=\"nofollow noopener\">Stockholmsb\u00f6rsen v\u00e4ntas stiga<\/a>&nbsp;&nbsp;V\u00e4sterbottens-Kuriren<\/li>\n<li><a href=\"https:\/\/news.google.com\/rss\/articles\/CBMie0FVX3lxTE9xRTRzZjd2dnE5N2ZiWkZQQ0g2WTc5WERScVp2SG5Nbmk4b0NGLXRHVm53UHg2MFNOc3J6SmNkUTJyMm1ER1N5SmVqdEpyQ19KVGk2SjNLX3JhaVFEQ3FGRGJJNWF2TjBOMnR1UUxWS05RRTBFU0d6cjBRUQ?oc=5\" target=\"_blank\" rel=\"nofollow noopener\">Clas Ohlson slog f\u00f6rs\u00e4ljningsrekord i december<\/a>&nbsp;&nbsp;Omni<\/li>\n<\/ol>\n","protected":false},"excerpt":{"rendered":"Clas Ohlsons f\u00f6rs\u00e4ljning slog rekord&nbsp;&nbsp;V\u00e4sterbottens-Kuriren Pareto: Tufft f\u00f6r Clas Ohlson att n\u00e5 f\u00f6rv\u00e4ntningarna&nbsp;&nbsp;DI Rekord f\u00f6r prylj\u00e4tten \u2013 \u00f6ppnade&hellip;\n","protected":false},"author":2,"featured_media":130516,"comment_status":"","ping_status":"","sticky":false,"template":"","format":"standard","meta":{"footnotes":""},"categories":[65],"tags":[72,70,71,34,31,33,32,30],"class_list":{"0":"post-130515","1":"post","2":"type-post","3":"status-publish","4":"format-standard","5":"has-post-thumbnail","7":"category-ekonomi","8":"tag-business","9":"tag-economy","10":"tag-ekonomi","11":"tag-se","12":"tag-svenska","13":"tag-sverige","14":"tag-sweden","15":"tag-swedish"},"share_on_mastodon":{"url":"https:\/\/pubeurope.com\/@se\/115864802599691632","error":""},"_links":{"self":[{"href":"https:\/\/www.europesays.com\/se\/wp-json\/wp\/v2\/posts\/130515","targetHints":{"allow":["GET"]}}],"collection":[{"href":"https:\/\/www.europesays.com\/se\/wp-json\/wp\/v2\/posts"}],"about":[{"href":"https:\/\/www.europesays.com\/se\/wp-json\/wp\/v2\/types\/post"}],"author":[{"embeddable":true,"href":"https:\/\/www.europesays.com\/se\/wp-json\/wp\/v2\/users\/2"}],"replies":[{"embeddable":true,"href":"https:\/\/www.europesays.com\/se\/wp-json\/wp\/v2\/comments?post=130515"}],"version-history":[{"count":0,"href":"https:\/\/www.europesays.com\/se\/wp-json\/wp\/v2\/posts\/130515\/revisions"}],"wp:featuredmedia":[{"embeddable":true,"href":"https:\/\/www.europesays.com\/se\/wp-json\/wp\/v2\/media\/130516"}],"wp:attachment":[{"href":"https:\/\/www.europesays.com\/se\/wp-json\/wp\/v2\/media?parent=130515"}],"wp:term":[{"taxonomy":"category","embeddable":true,"href":"https:\/\/www.europesays.com\/se\/wp-json\/wp\/v2\/categories?post=130515"},{"taxonomy":"post_tag","embeddable":true,"href":"https:\/\/www.europesays.com\/se\/wp-json\/wp\/v2\/tags?post=130515"}],"curies":[{"name":"wp","href":"https:\/\/api.w.org\/{rel}","templated":true}]}}