{"id":130519,"date":"2026-01-09T11:04:19","date_gmt":"2026-01-09T11:04:19","guid":{"rendered":"https:\/\/www.europesays.com\/se\/130519\/"},"modified":"2026-01-09T11:04:19","modified_gmt":"2026-01-09T11:04:19","slug":"efter-varningarna-inte-en-enda-trafikolycka","status":"publish","type":"post","link":"https:\/\/www.europesays.com\/se\/130519\/","title":{"rendered":"Efter varningarna: Inte en enda trafikolycka"},"content":{"rendered":"<p>R\u00f6d varning var utf\u00e4rdad, ett VMA hade g\u00e5tt ut och sjukv\u00e5rden hade g\u00e5tt upp i stabsl\u00e4ge inf\u00f6r nattens sn\u00f6ov\u00e4der i V\u00e4sternorrland. Det verkar dock ha g\u00e5tt ganska bra. <\/p>\n<p>Till TT s\u00e4ger polisbef\u00e4let Emelie Danielsson att man inte beh\u00f6vt rycka ut p\u00e5 en enda olycka under natten.<\/p>\n<p>\u2013 Med tanke p\u00e5 hur det s\u00e5g ut inf\u00f6r natten har vi varit v\u00e4ldigt f\u00f6rskonade.<\/p>\n<p>Den r\u00f6da varningen fr\u00e5n SMHI g\u00e4ller fr\u00e5n s\u00f6der om H\u00e4rn\u00f6sand till v\u00e4ster om \u00d6rnsk\u00f6ldsvik och v\u00e4ntas g\u00e4lla till klockan nio p\u00e5 fredagsmorgonen.<\/p>\n<p>Trafikverket avr\u00e5der fr\u00e5n att ge sig ut p\u00e5 v\u00e4garna och har st\u00e4llt in t\u00e5gtrafiken mellan Sundsvall och Ume\u00e5 fram till klockan tolv. <\/p>\n<p>Omni \u00e4r politiskt obundna och oberoende. Vi str\u00e4var efter att ge fler perspektiv p\u00e5 nyheterna. Har du fr\u00e5gor eller synpunkter kring v\u00e5r rapportering? <a href=\"https:\/\/omni.se\/trots-varningarna-inte-en-enda-trafikolycka\/a\/mailto:redaktion@omni.se\" class=\"ArticleActions_contactLink__W2F1M\" rel=\"nofollow noopener\" target=\"_blank\">Kontakta redaktionen<\/a><\/p>\n","protected":false},"excerpt":{"rendered":"R\u00f6d varning var utf\u00e4rdad, ett VMA hade g\u00e5tt ut och sjukv\u00e5rden hade g\u00e5tt upp i stabsl\u00e4ge inf\u00f6r nattens&hellip;\n","protected":false},"author":2,"featured_media":130520,"comment_status":"","ping_status":"","sticky":false,"template":"","format":"standard","meta":{"footnotes":""},"categories":[5],"tags":[12389,22,23,26,27,17,21,24,25,28,29,15,16,18,34,31,33,32,30,19,20],"class_list":{"0":"post-130519","1":"post","2":"type-post","3":"status-publish","4":"format-standard","5":"has-post-thumbnail","7":"category-rubriker","8":"tag-drafter","9":"tag-breaking-news","10":"tag-breakingnews","11":"tag-featured-news","12":"tag-featurednews","13":"tag-headlines","14":"tag-huvudnyheter","15":"tag-latest-news","16":"tag-latestnews","17":"tag-main-news","18":"tag-mainnews","19":"tag-news","20":"tag-nyheter","21":"tag-rubriker","22":"tag-se","23":"tag-svenska","24":"tag-sverige","25":"tag-sweden","26":"tag-swedish","27":"tag-top-stories","28":"tag-topstories"},"share_on_mastodon":{"url":"https:\/\/pubeurope.com\/@se\/115864814391793688","error":""},"_links":{"self":[{"href":"https:\/\/www.europesays.com\/se\/wp-json\/wp\/v2\/posts\/130519","targetHints":{"allow":["GET"]}}],"collection":[{"href":"https:\/\/www.europesays.com\/se\/wp-json\/wp\/v2\/posts"}],"about":[{"href":"https:\/\/www.europesays.com\/se\/wp-json\/wp\/v2\/types\/post"}],"author":[{"embeddable":true,"href":"https:\/\/www.europesays.com\/se\/wp-json\/wp\/v2\/users\/2"}],"replies":[{"embeddable":true,"href":"https:\/\/www.europesays.com\/se\/wp-json\/wp\/v2\/comments?post=130519"}],"version-history":[{"count":0,"href":"https:\/\/www.europesays.com\/se\/wp-json\/wp\/v2\/posts\/130519\/revisions"}],"wp:featuredmedia":[{"embeddable":true,"href":"https:\/\/www.europesays.com\/se\/wp-json\/wp\/v2\/media\/130520"}],"wp:attachment":[{"href":"https:\/\/www.europesays.com\/se\/wp-json\/wp\/v2\/media?parent=130519"}],"wp:term":[{"taxonomy":"category","embeddable":true,"href":"https:\/\/www.europesays.com\/se\/wp-json\/wp\/v2\/categories?post=130519"},{"taxonomy":"post_tag","embeddable":true,"href":"https:\/\/www.europesays.com\/se\/wp-json\/wp\/v2\/tags?post=130519"}],"curies":[{"name":"wp","href":"https:\/\/api.w.org\/{rel}","templated":true}]}}