{"id":130525,"date":"2026-01-09T11:09:17","date_gmt":"2026-01-09T11:09:17","guid":{"rendered":"https:\/\/www.europesays.com\/se\/130525\/"},"modified":"2026-01-09T11:09:17","modified_gmt":"2026-01-09T11:09:17","slug":"ny-saab-uppgang-pa-stigande-bors-omxs30-03","status":"publish","type":"post","link":"https:\/\/www.europesays.com\/se\/130525\/","title":{"rendered":"NY SAAB-UPPG\u00c5NG P\u00c5 STIGANDE B\u00d6RS, OMXS30 +0,3%"},"content":{"rendered":"<p class=\"font-sans text-base text-text-main dark:text-text-main-dark font-normal leading-[1.4]\">STOCKHOLM (Nyhetsbyr\u00e5n Direkt) Stockholmsb\u00f6rsen inleder fredagen upp\u00e5t efter blandad handel p\u00e5 Wall Street kv\u00e4llen f\u00f6re. Detaljhandelskedjan Clas Ohlson stiger efter stark m\u00e5nadsf\u00f6rs\u00e4ljning medan n\u00e4tm\u00e4klarna lyfts av Goldman Sachs och Citi.<\/p>\n<p class=\"font-sans text-base text-text-main dark:text-text-main-dark font-normal leading-[1.4]\">Efter en knapp halvtimmes handel var OMXS30 upp med 0,3 procent till 2.945. Aktier f\u00f6r drygt 2,1 miljarder kronor hade d\u00e5 omsatts p\u00e5 Stockholmsb\u00f6rsen i sin helhet.<\/p>\n<p class=\"font-sans text-base text-text-main dark:text-text-main-dark font-normal leading-[1.4]\">OMXS30 toppades \u00e5terigen av f\u00f6rsvarskoncernen Saab som var upp 3 procent till 660 kronor. Sedan \u00e5rsskiftet har Saab redan hunnit rusa hela 23 procent.<\/p>\n<p class=\"font-sans text-base text-text-main dark:text-text-main-dark font-normal leading-[1.4]\">F\u00f6rsvarsbolag i USA steg p\u00e5 torsdagen efter att Trump uppgett att USA:s f\u00f6rsvarsbudget ska h\u00f6jas till 1.500 miljarder dollar \u00e5r 2027, fr\u00e5n budgeterade 901 miljarder dollar 2026.<\/p>\n<p class=\"font-sans text-base text-text-main dark:text-text-main-dark font-normal leading-[1.4]\">Utanf\u00f6r OMXS30 steg Clas Ohlson omkring 1,5 procent efter att m\u00e5nadsstatistik visade att bolagets organiska f\u00f6rs\u00e4ljning \u00f6kade med 7 procent i december. Den totala f\u00f6rs\u00e4ljningen i december \u00f6kade med 5 procent till 1.676 miljoner kronor (1.597).<\/p>\n<p class=\"font-sans text-base text-text-main dark:text-text-main-dark font-normal leading-[1.4]\">&#8221;Vi tr\u00e4ffade r\u00e4tt i sortimentet och lyckades leverera ett bra kundm\u00f6te hela v\u00e4gen in till julafton. F\u00f6rs\u00e4ljningen i j\u00e4mf\u00f6rbara enheter utvecklades positivt p\u00e5 samtliga hemmamarknader, i synnerhet Norge&#8221;, konstaterade Clas Ohlsons vd Kristofer Tonstr\u00f6m i en kommentar till m\u00e5nadsf\u00f6rs\u00e4ljningen.<\/p>\n<p class=\"font-sans text-base text-text-main dark:text-text-main-dark font-normal leading-[1.4]\">Lastbilsduon Traton och Volvo backade med 2,1 respektive 0,5 procent under fredagen.<\/p>\n<p class=\"font-sans text-base text-text-main dark:text-text-main-dark font-normal leading-[1.4]\">Analytiker som tagit del av Tratons telefonkonferens inf\u00f6r bolagets tysta period upp till rapporten f\u00f6r det fj\u00e4rde kvartalet har beskrivit lastbilskoncernens kommentarer som svaga.<\/p>\n<p class=\"font-sans text-base text-text-main dark:text-text-main-dark font-normal leading-[1.4]\">DNB Carnegie lyfte bland annat att Traton uppgav att det kommer att bli utmanande att n\u00e5 en r\u00f6relsemarginal \u00f6ver 6 procent och ett fritt kassafl\u00f6de p\u00e5 1 miljard euro, fr\u00e4mst p\u00e5 grund av h\u00f6gre kostnader relaterade till tullar \u00e4n v\u00e4ntat.<\/p>\n<p class=\"font-sans text-base text-text-main dark:text-text-main-dark font-normal leading-[1.4]\">B\u00e5de DNB Carnegie och Citi po\u00e4ngterar dock att Tratons kommentarer om en f\u00f6rb\u00e4ttrad efterfr\u00e5gan i Europa och utanf\u00f6r Tyskland \u00e4r en positiv signal f\u00f6r Volvo.<\/p>\n<p class=\"font-sans text-base text-text-main dark:text-text-main-dark font-normal leading-[1.4]\">Goldman Sachs har inlett bevakning av de svenska n\u00e4tm\u00e4klarna Avanza och Nordnet med rekommendationerna neutral respektive k\u00f6p. Riktkurserna \u00e4r 371 f\u00f6r Avanza och 310 f\u00f6r Nordnet och indikerar uppsida fr\u00e5n duons st\u00e4ngningskurs i b\u00e5da fallen.<\/p>\n<p class=\"font-sans text-base text-text-main dark:text-text-main-dark font-normal leading-[1.4]\">Citi \u00e4r betydligt mer positiva till Avanza och har h\u00f6jt riktkursen till 445 fr\u00e5n 425 kronor med en upprepad k\u00f6prekommendation.<\/p>\n<p class=\"font-sans text-base text-text-main dark:text-text-main-dark font-normal leading-[1.4]\">Nordnet-aktien steg med 2,4 procent medan Avanza var upp med 2,6 procent.<\/p>\n<p class=\"font-sans text-base text-text-main dark:text-text-main-dark font-normal leading-[1.4]\">N\u00e4tm\u00e4klarna sj\u00f6nk tidigare i veckan efter att ha redovisat l\u00e4gre nettoinfl\u00f6den under december.<\/p>\n<p class=\"font-sans text-base text-text-main dark:text-text-main-dark font-normal leading-[1.4]\">P\u00e5 fredagen g\u00f6r den norska nischbanken Morrow debut p\u00e5 Nasdaq Stockholm efter flytt fr\u00e5n Oslo f\u00f6r att f\u00e5 l\u00e4gre kapitalkrav. Efter en knapp halvtimme handlades aktien kring 14:65 kronor efter att ha \u00f6ppnat runt 15:30 kronor.<\/p>\n<p class=\"font-sans text-base text-text-main dark:text-text-main-dark font-normal leading-[1.4]\">Graf: OMXS30 p\u00e5 fredagen<\/p>\n<p class=\"font-sans text-base text-text-main dark:text-text-main-dark font-normal leading-[1.4]\"><a class=\"text-primary-90 underline hover:text-primary-110 hover:no-underline\" rel=\"noopener noreferrer\" target=\"_blank\" href=\"https:\/\/www.europesays.com\/se\/wp-content\/uploads\/2026\/01\/652621201.png\"><img decoding=\"async\" src=\"https:\/\/www.europesays.com\/se\/wp-content\/uploads\/2026\/01\/652621201.png\" alt=\"image\" class=\"rounded-2xl max-w-full\"\/><\/a><\/p>\n<p class=\"font-sans text-base text-text-main dark:text-text-main-dark font-normal leading-[1.4]\">K\u00e4lla: Infront<\/p>\n<p class=\"font-sans text-base text-text-main dark:text-text-main-dark font-normal leading-[1.4]\">Emanuel Furuholm +46 8 5191 7925<\/p>\n<p class=\"font-sans text-base text-text-main dark:text-text-main-dark font-normal leading-[1.4]\">Nyhetsbyr\u00e5n Direkt<\/p>\n","protected":false},"excerpt":{"rendered":"STOCKHOLM (Nyhetsbyr\u00e5n Direkt) Stockholmsb\u00f6rsen inleder fredagen upp\u00e5t efter blandad handel p\u00e5 Wall Street kv\u00e4llen f\u00f6re. Detaljhandelskedjan Clas Ohlson&hellip;\n","protected":false},"author":2,"featured_media":119816,"comment_status":"","ping_status":"","sticky":false,"template":"","format":"standard","meta":{"footnotes":""},"categories":[65],"tags":[72,70,71,34,31,33,32,30],"class_list":{"0":"post-130525","1":"post","2":"type-post","3":"status-publish","4":"format-standard","5":"has-post-thumbnail","7":"category-ekonomi","8":"tag-business","9":"tag-economy","10":"tag-ekonomi","11":"tag-se","12":"tag-svenska","13":"tag-sverige","14":"tag-sweden","15":"tag-swedish"},"share_on_mastodon":{"url":"https:\/\/pubeurope.com\/@se\/115864834031607451","error":""},"_links":{"self":[{"href":"https:\/\/www.europesays.com\/se\/wp-json\/wp\/v2\/posts\/130525","targetHints":{"allow":["GET"]}}],"collection":[{"href":"https:\/\/www.europesays.com\/se\/wp-json\/wp\/v2\/posts"}],"about":[{"href":"https:\/\/www.europesays.com\/se\/wp-json\/wp\/v2\/types\/post"}],"author":[{"embeddable":true,"href":"https:\/\/www.europesays.com\/se\/wp-json\/wp\/v2\/users\/2"}],"replies":[{"embeddable":true,"href":"https:\/\/www.europesays.com\/se\/wp-json\/wp\/v2\/comments?post=130525"}],"version-history":[{"count":0,"href":"https:\/\/www.europesays.com\/se\/wp-json\/wp\/v2\/posts\/130525\/revisions"}],"wp:featuredmedia":[{"embeddable":true,"href":"https:\/\/www.europesays.com\/se\/wp-json\/wp\/v2\/media\/119816"}],"wp:attachment":[{"href":"https:\/\/www.europesays.com\/se\/wp-json\/wp\/v2\/media?parent=130525"}],"wp:term":[{"taxonomy":"category","embeddable":true,"href":"https:\/\/www.europesays.com\/se\/wp-json\/wp\/v2\/categories?post=130525"},{"taxonomy":"post_tag","embeddable":true,"href":"https:\/\/www.europesays.com\/se\/wp-json\/wp\/v2\/tags?post=130525"}],"curies":[{"name":"wp","href":"https:\/\/api.w.org\/{rel}","templated":true}]}}