{"id":130537,"date":"2026-01-09T11:20:11","date_gmt":"2026-01-09T11:20:11","guid":{"rendered":"https:\/\/www.europesays.com\/se\/130537\/"},"modified":"2026-01-09T11:20:11","modified_gmt":"2026-01-09T11:20:11","slug":"botten-ar-nadd-nu-blir-det-battre-jarnvagar-nu","status":"publish","type":"post","link":"https:\/\/www.europesays.com\/se\/130537\/","title":{"rendered":"Botten \u00e4r n\u00e5dd, nu blir det b\u00e4ttre &#8211; J\u00e4rnv\u00e4gar.nu"},"content":{"rendered":"<ol>\n<li><a href=\"https:\/\/news.google.com\/rss\/articles\/CBMiZkFVX3lxTFB4Z1drMTFQVzZyQ1NwRGdjbVlkVXBZZWdxd1p6MmF2U1A4SEZCbi03NzFjWmJDRm9jQmh3bkdSSWFuLXdDQi1zRjB3Q2hheXJxbG92R29ZSWtZeGRSNjVBQlhqT012Zw?oc=5\" target=\"_blank\" rel=\"nofollow noopener\">Botten \u00e4r n\u00e5dd, nu blir det b\u00e4ttre<\/a>&nbsp;&nbsp;J\u00e4rnv\u00e4gar.nu<\/li>\n<li><a href=\"https:\/\/news.google.com\/rss\/articles\/CBMijwFBVV95cUxOOG9Eb3RuUTU5NDBVWU5tZEVmMG02TG45Z0xHeVU1VGpsMk9PQlFGcjBMNkFBY3ZPdE03NEpRSWxyVnFSN1p0QUtzcXk5WnItT25JRGE3ZURVSmYxUjFoQU5mYWlUUXJETVFiMTdzVWNFWTc5SVJNZzAyTjZBeU13ZXV4VS1JYk94TE45VEhXOA?oc=5\" target=\"_blank\" rel=\"nofollow noopener\">T\u00e5gtrafik inst\u00e4lld till och fr\u00e5n Stockholm<\/a>&nbsp;&nbsp;SVT Nyheter<\/li>\n<li><a href=\"https:\/\/news.google.com\/rss\/articles\/CBMiqwFBVV95cUxNb0RxTi1IMC1CYUQ0dkQ5YkdFYUpRTEJUYUJHSWhZbWpNOVBhbGUySDFnUjM5TFpDTFM5UjRBRHF6SnZfM2FqN01VT0htZTlNOUZ5cVhZbXdsOGc0U0ZwdG1OTkk2OThSYjZxeTNOcVRXWXFERGk2YlF6QUZEc3lLTUhTVjhoS01jc0FxUVZZN0pmbUpaTEFaVGFyZDlzalFiT0NDMS1EVU1QUEk?oc=5\" target=\"_blank\" rel=\"nofollow noopener\">Norrt\u00e5gs vd kritisk till att Trafikverket st\u00e4nger j\u00e4rnv\u00e4gen i ett dygn<\/a>&nbsp;&nbsp;Sveriges Radio<\/li>\n<li><a href=\"https:\/\/news.google.com\/rss\/articles\/CBMijwFBVV95cUxQYWpTd2pseFJEUkxoLWdrTlRQLUJWUV9uNUk0aEhlMlRFS2RfQ3lkMERWMFIxbUpnQjhoc25CU181cVJuVlNNQkdLRGNKOFhSdlJ1VkUwb0Znc05Fem9lOG1femxNOGJaUXZSemdITDByRjlLdHE0dkZHaGp6NW9ycWlDN2M4U0RUeGZRUWFFcw?oc=5\" target=\"_blank\" rel=\"nofollow noopener\">R\u00f6d v\u00e4dervarning \u2013 t\u00e5g st\u00e4lls in<\/a>&nbsp;&nbsp;Norran<\/li>\n<li><a href=\"https:\/\/news.google.com\/rss\/articles\/CBMimgFBVV95cUxON1dHV1Q4eXJkZi0zeUtzSXVLckdkNGFpODIxbXY3QmdCeGVTMU9ZSHl2Z2x5TVltd0w0eVlPN0ZtSnhUZUhObXFFMlhuTmI4d0hLOFpuQ3RGZnpSdTVyQVRuVldTdFdPNXBnM0JGN3RHX0tUWGNYOERCcGRKSmJUZ2MzREFMbk9WMXQtQmdZb2pqeXRqZnlOd2FR?oc=5\" target=\"_blank\" rel=\"nofollow noopener\">Inst\u00e4llda t\u00e5gen sl\u00e5r mot resen\u00e4rer och turismen: &#8221;Blivit s\u00e4mre&#8221;<\/a>&nbsp;&nbsp;NSD<\/li>\n<\/ol>\n","protected":false},"excerpt":{"rendered":"Botten \u00e4r n\u00e5dd, nu blir det b\u00e4ttre&nbsp;&nbsp;J\u00e4rnv\u00e4gar.nu T\u00e5gtrafik inst\u00e4lld till och fr\u00e5n Stockholm&nbsp;&nbsp;SVT Nyheter Norrt\u00e5gs vd kritisk till&hellip;\n","protected":false},"author":2,"featured_media":130538,"comment_status":"","ping_status":"","sticky":false,"template":"","format":"standard","meta":{"footnotes":""},"categories":[5],"tags":[22,23,26,27,17,21,367,24,25,28,29,15,16,753,18,34,31,33,32,30,19,20],"class_list":{"0":"post-130537","1":"post","2":"type-post","3":"status-publish","4":"format-standard","5":"has-post-thumbnail","7":"category-rubriker","8":"tag-breaking-news","9":"tag-breakingnews","10":"tag-featured-news","11":"tag-featurednews","12":"tag-headlines","13":"tag-huvudnyheter","14":"tag-infrastruktur","15":"tag-latest-news","16":"tag-latestnews","17":"tag-main-news","18":"tag-mainnews","19":"tag-news","20":"tag-nyheter","21":"tag-persontrafik","22":"tag-rubriker","23":"tag-se","24":"tag-svenska","25":"tag-sverige","26":"tag-sweden","27":"tag-swedish","28":"tag-top-stories","29":"tag-topstories"},"share_on_mastodon":{"url":"https:\/\/pubeurope.com\/@se\/115864877293002518","error":""},"_links":{"self":[{"href":"https:\/\/www.europesays.com\/se\/wp-json\/wp\/v2\/posts\/130537","targetHints":{"allow":["GET"]}}],"collection":[{"href":"https:\/\/www.europesays.com\/se\/wp-json\/wp\/v2\/posts"}],"about":[{"href":"https:\/\/www.europesays.com\/se\/wp-json\/wp\/v2\/types\/post"}],"author":[{"embeddable":true,"href":"https:\/\/www.europesays.com\/se\/wp-json\/wp\/v2\/users\/2"}],"replies":[{"embeddable":true,"href":"https:\/\/www.europesays.com\/se\/wp-json\/wp\/v2\/comments?post=130537"}],"version-history":[{"count":0,"href":"https:\/\/www.europesays.com\/se\/wp-json\/wp\/v2\/posts\/130537\/revisions"}],"wp:featuredmedia":[{"embeddable":true,"href":"https:\/\/www.europesays.com\/se\/wp-json\/wp\/v2\/media\/130538"}],"wp:attachment":[{"href":"https:\/\/www.europesays.com\/se\/wp-json\/wp\/v2\/media?parent=130537"}],"wp:term":[{"taxonomy":"category","embeddable":true,"href":"https:\/\/www.europesays.com\/se\/wp-json\/wp\/v2\/categories?post=130537"},{"taxonomy":"post_tag","embeddable":true,"href":"https:\/\/www.europesays.com\/se\/wp-json\/wp\/v2\/tags?post=130537"}],"curies":[{"name":"wp","href":"https:\/\/api.w.org\/{rel}","templated":true}]}}