{"id":130543,"date":"2026-01-09T11:27:05","date_gmt":"2026-01-09T11:27:05","guid":{"rendered":"https:\/\/www.europesays.com\/se\/130543\/"},"modified":"2026-01-09T11:27:05","modified_gmt":"2026-01-09T11:27:05","slug":"dygnsvilan-fungerar-pa-papperet-inte-i-mitt-arbete-arbetet","status":"publish","type":"post","link":"https:\/\/www.europesays.com\/se\/130543\/","title":{"rendered":"\u201dDygnsvilan fungerar p\u00e5 papperet \u2013 inte i mitt arbete\u201d\u00a0 \u2013 Arbetet"},"content":{"rendered":"<p>F\u00f6rr kunde personal arbeta dygnspass och sedan f\u00e5 flera dagars sammanh\u00e4ngande ledighet. Riktig vila. Riktig \u00e5terh\u00e4mtning.\u00a0<\/p>\n<p>I dag splittras arbetet s\u00f6nder: Fler korta pass. Fler arbetsdagar. Fler resor. Mindre liv. B\u00e4ttre att kunna byta pass med kollegor som f\u00f6rr, kunna planera, v\u00e4lja hur mycket man sj\u00e4lv vill jobba. Hoppa in och f\u00e5 en extra peng.\u00a0<\/p>\n<p>Personalen slutar<\/p>\n<p>Politikerna p\u00e5st\u00e5r att stressen ska minska. I verkligheten exploderar den.<\/p>\n<p>Scheman blir obegripliga, \u00e5terh\u00e4mtningen avbryts och personalens inflytande \u00f6ver sin arbetstid f\u00f6rsvinner.\u00a0<\/p>\n<p>Personal slutar. G\u00e5r ner i tid. Blir sjuka. Och \u00e4nd\u00e5 forts\u00e4tter man h\u00e4vda att detta handlar om arbetsmilj\u00f6.<\/p>\n<p>Samtidigt drabbas de som \u00e4r beroende av verksamheten. Brukare och patienter m\u00f6ter fler ansikten, de tappar trygghet och kontinuitet. Relationer, som \u00e4r grunden i god omsorg, offras p\u00e5 regelverkets altare.<\/p>\n<p>EU till\u00e5ter undantag \u2013 men Sverige vill inte<\/p>\n<p>Inom LSS \u00e4r konsekvenserna s\u00e4rskilt allvarliga. Kontinuitet, relationer och trygghet \u00e4r grunden f\u00f6r kvalitet \u2013 \u00e4nd\u00e5 till\u00e5ts ett stelbent regelverk rasera just detta. <\/p>\n<p>Erfarna personliga assistenter tr\u00e4ngs bort och ers\u00e4tts av tillf\u00e4lliga l\u00f6sningar och ok\u00e4nda ansikten. Det f\u00f6rs\u00e4mrar kvaliteten och \u00f6kar riskerna f\u00f6r b\u00e5de brukare och personal.<\/p>\n<p>Det mest provocerande \u00e4r att ingen verkar vilja ta ansvar. Politiker och ansvariga myndigheter g\u00f6mmer sig bakom formuleringen \u201dEU-krav\u201d. Det \u00e4r ett svek. <\/p>\n<p>EU:s arbetstidsdirektiv till\u00e5ter undantag och anpassningar \u2013 men viljan att anv\u00e4nda dem saknas. I st\u00e4llet har man i Sverige valt den mest rigida tolkningen, helt frikopplad fr\u00e5n verkligheten p\u00e5 golvet.\u00a0<\/p>\n<p>Reglerna \u00e4r inte ett skydd \u2013 tv\u00e4rtom<\/p>\n<p>N\u00e4r n\u00e5got som kallas ett skydd leder till s\u00e4mre h\u00e4lsa, s\u00e4mre kvalitet och st\u00f6rre personalbrist \u00e4r det inte ett skydd. D\u00e5 \u00e4r det ett misslyckande.<\/p>\n<p>Konsekvensen blir att personal tvingas v\u00e4lja mellan att bryta mot lagen eller l\u00e5ta verksamheten kollapsa \u2013 en situation som varken skyddar personalen eller brukarna.\u00a0<\/p>\n<p>V\u00e5rd, omsorg och LSS fungerar inte p\u00e5 papper. De fungerar genom m\u00e4nniskor som varje dag b\u00e4r verksamheten. Det \u00e4r dags att \u00e4ndra ett regelverk som inte fungerar i verkligheten.<\/p>\n<dl class=\"SignatureList-list\" role=\"list\">\n<p><dt class=\"SignatureList-name\">Maria Bennarsten<\/dt>\n<dd class=\"SignatureList-title\">personlig assistent i Kalmar<\/dd>\n<\/p>\n<\/dl>\n","protected":false},"excerpt":{"rendered":"F\u00f6rr kunde personal arbeta dygnspass och sedan f\u00e5 flera dagars sammanh\u00e4ngande ledighet. Riktig vila. Riktig \u00e5terh\u00e4mtning.\u00a0 I dag&hellip;\n","protected":false},"author":2,"featured_media":130544,"comment_status":"","ping_status":"","sticky":false,"template":"","format":"standard","meta":{"footnotes":""},"categories":[12],"tags":[22,23,26,27,17,21,24,25,28,29,15,16,18,34,31,33,32,30,19,20],"class_list":{"0":"post-130543","1":"post","2":"type-post","3":"status-publish","4":"format-standard","5":"has-post-thumbnail","7":"category-sverige","8":"tag-breaking-news","9":"tag-breakingnews","10":"tag-featured-news","11":"tag-featurednews","12":"tag-headlines","13":"tag-huvudnyheter","14":"tag-latest-news","15":"tag-latestnews","16":"tag-main-news","17":"tag-mainnews","18":"tag-news","19":"tag-nyheter","20":"tag-rubriker","21":"tag-se","22":"tag-svenska","23":"tag-sverige","24":"tag-sweden","25":"tag-swedish","26":"tag-top-stories","27":"tag-topstories"},"share_on_mastodon":{"url":"https:\/\/pubeurope.com\/@se\/115864904986440721","error":""},"_links":{"self":[{"href":"https:\/\/www.europesays.com\/se\/wp-json\/wp\/v2\/posts\/130543","targetHints":{"allow":["GET"]}}],"collection":[{"href":"https:\/\/www.europesays.com\/se\/wp-json\/wp\/v2\/posts"}],"about":[{"href":"https:\/\/www.europesays.com\/se\/wp-json\/wp\/v2\/types\/post"}],"author":[{"embeddable":true,"href":"https:\/\/www.europesays.com\/se\/wp-json\/wp\/v2\/users\/2"}],"replies":[{"embeddable":true,"href":"https:\/\/www.europesays.com\/se\/wp-json\/wp\/v2\/comments?post=130543"}],"version-history":[{"count":0,"href":"https:\/\/www.europesays.com\/se\/wp-json\/wp\/v2\/posts\/130543\/revisions"}],"wp:featuredmedia":[{"embeddable":true,"href":"https:\/\/www.europesays.com\/se\/wp-json\/wp\/v2\/media\/130544"}],"wp:attachment":[{"href":"https:\/\/www.europesays.com\/se\/wp-json\/wp\/v2\/media?parent=130543"}],"wp:term":[{"taxonomy":"category","embeddable":true,"href":"https:\/\/www.europesays.com\/se\/wp-json\/wp\/v2\/categories?post=130543"},{"taxonomy":"post_tag","embeddable":true,"href":"https:\/\/www.europesays.com\/se\/wp-json\/wp\/v2\/tags?post=130543"}],"curies":[{"name":"wp","href":"https:\/\/api.w.org\/{rel}","templated":true}]}}