{"id":130549,"date":"2026-01-09T11:33:27","date_gmt":"2026-01-09T11:33:27","guid":{"rendered":"https:\/\/www.europesays.com\/se\/130549\/"},"modified":"2026-01-09T11:33:27","modified_gmt":"2026-01-09T11:33:27","slug":"hog-tid-for-fi-att-kolla-batljans-bolag","status":"publish","type":"post","link":"https:\/\/www.europesays.com\/se\/130549\/","title":{"rendered":"H\u00f6g tid f\u00f6r FI att kolla Batljans bolag"},"content":{"rendered":"<p>\u201d\u00c4r det l\u00e4tt \u00e4r det r\u00e4tt\u201d \u00e4r s\u00e5dant d\u00e4r snusf\u00f6rnuft man bara ler motvilligt \u00e5t. Det k\u00e4nns f\u00f6r jobbig att hosta upp motbevis (fast de finns). Och s\u00e5 \u00e4r de d\u00e4r pr\u00e4ktigheterna ju ofta\u2026sanna.<\/p>\n<p>Det g\u00e4ller sannerligen fallet <strong>Ilija Batljan<\/strong>. Under ett par \u00e5rs tid har jag rapporterat om den tidigare politikern och <strong>SBB<\/strong>-grundarens \u00e4garbolag, och okomplicerat har det s\u00e4llan varit.<\/p>\n","protected":false},"excerpt":{"rendered":"\u201d\u00c4r det l\u00e4tt \u00e4r det r\u00e4tt\u201d \u00e4r s\u00e5dant d\u00e4r snusf\u00f6rnuft man bara ler motvilligt \u00e5t. Det k\u00e4nns f\u00f6r&hellip;\n","protected":false},"author":2,"featured_media":130550,"comment_status":"","ping_status":"","sticky":false,"template":"","format":"standard","meta":{"footnotes":""},"categories":[65],"tags":[72,70,71,34,31,33,32,30],"class_list":{"0":"post-130549","1":"post","2":"type-post","3":"status-publish","4":"format-standard","5":"has-post-thumbnail","7":"category-ekonomi","8":"tag-business","9":"tag-economy","10":"tag-ekonomi","11":"tag-se","12":"tag-svenska","13":"tag-sverige","14":"tag-sweden","15":"tag-swedish"},"share_on_mastodon":{"url":"https:\/\/pubeurope.com\/@se\/115864928428344010","error":""},"_links":{"self":[{"href":"https:\/\/www.europesays.com\/se\/wp-json\/wp\/v2\/posts\/130549","targetHints":{"allow":["GET"]}}],"collection":[{"href":"https:\/\/www.europesays.com\/se\/wp-json\/wp\/v2\/posts"}],"about":[{"href":"https:\/\/www.europesays.com\/se\/wp-json\/wp\/v2\/types\/post"}],"author":[{"embeddable":true,"href":"https:\/\/www.europesays.com\/se\/wp-json\/wp\/v2\/users\/2"}],"replies":[{"embeddable":true,"href":"https:\/\/www.europesays.com\/se\/wp-json\/wp\/v2\/comments?post=130549"}],"version-history":[{"count":0,"href":"https:\/\/www.europesays.com\/se\/wp-json\/wp\/v2\/posts\/130549\/revisions"}],"wp:featuredmedia":[{"embeddable":true,"href":"https:\/\/www.europesays.com\/se\/wp-json\/wp\/v2\/media\/130550"}],"wp:attachment":[{"href":"https:\/\/www.europesays.com\/se\/wp-json\/wp\/v2\/media?parent=130549"}],"wp:term":[{"taxonomy":"category","embeddable":true,"href":"https:\/\/www.europesays.com\/se\/wp-json\/wp\/v2\/categories?post=130549"},{"taxonomy":"post_tag","embeddable":true,"href":"https:\/\/www.europesays.com\/se\/wp-json\/wp\/v2\/tags?post=130549"}],"curies":[{"name":"wp","href":"https:\/\/api.w.org\/{rel}","templated":true}]}}