{"id":130556,"date":"2026-01-09T11:41:23","date_gmt":"2026-01-09T11:41:23","guid":{"rendered":"https:\/\/www.europesays.com\/se\/130556\/"},"modified":"2026-01-09T11:41:23","modified_gmt":"2026-01-09T11:41:23","slug":"flaggar-for-stigande-elpriser-men-inga-skracknivaer-valdigt-vaderberoende-vf","status":"publish","type":"post","link":"https:\/\/www.europesays.com\/se\/130556\/","title":{"rendered":"Flaggar f\u00f6r stigande elpriser \u2013 men inga skr\u00e4ckniv\u00e5er: \u201dV\u00e4ldigt v\u00e4derberoende\u201d &#8211; VF"},"content":{"rendered":"<ol>\n<li><a href=\"https:\/\/news.google.com\/rss\/articles\/CBMirgFBVV95cUxQdGdHNzlBOGJMc2I4MXJhTU5WLXVoMUZVcEo0QzViZFRodTlkbzdEXzU4T3dzRXJxN0toNzB1NF9Nd3hpXzc5S0tZdEgxWVAxUUNwRXJnVGpPZzhXNVRmSWdoX09CQzJ2X2l5OFVsdXRveUFPeFdYNnU1Y3gwNWZ1WjI1OUtnY0Q2OTVTNnRhcWVsTVJCNzdZMDd0UnpZMy1na0wtMDk2N1NFbXlYT2c?oc=5\" target=\"_blank\" rel=\"nofollow noopener\">Flaggar f\u00f6r stigande elpriser \u2013 men inga skr\u00e4ckniv\u00e5er: \u201dV\u00e4ldigt v\u00e4derberoende\u201d<\/a>&nbsp;&nbsp;VF<\/li>\n<li><a href=\"https:\/\/news.google.com\/rss\/articles\/CBMi3gFBVV95cUxNUG1lX1VJaHFxbmEzMlhGcEJGN2JQRWt3a04yaVJ0ODRGaWhqRnZiZ3Q2S0NKY2NfSTJudlh5R1MyVDlYU1RlbnMzaDloLWVSQ1BoTGJBaXpZNXpRYVJxSFI0OE1sdXFFcDk5UlU0RDZCbmZtamV1Q2FWc2ZDVjlPcXh0a0pYc2pzRFRjakNSaHBkRTZYU0lzOFZVWHBySi1CN0pFd3FVS1RtNDdEZW9zNXlJckZZaFRMVkhxREFqeTBZNThOS3JIVHgtck90czZaci1ScG5mVTNBLXRXc1E?oc=5\" target=\"_blank\" rel=\"nofollow noopener\">Elmarknaden just nu: \u00c5ret inleds med kyla, h\u00f6gre elpriser och s\u00e4nkt elskatt<\/a>&nbsp;&nbsp;group.vattenfall.com<\/li>\n<li><a href=\"https:\/\/news.google.com\/rss\/articles\/CBMipgFBVV95cUxOTVdJTFBLT25QSTJqbkpwYTVnV2ZMQ2xNWHMxdzVVSVN5Y2hMYXU0S0s1OHUwVkxPQlh3NmdNSXlsQ1htT1RRMVBXMXlnUjVfSmtsTWljaTRmdVNTRi1DcU9SamJVdDJOdEhyNC1JQUM1M3JJOTZjSVA3aEUzMkxCTDNQRHZIUkJzUms0RHZjSlIxRFh6SC11RWh2d0VjaGQtV3RtcGpR?oc=5\" target=\"_blank\" rel=\"nofollow noopener\">Efter historiskt billiga m\u00e5naden: Elpriserna rusar<\/a>&nbsp;&nbsp;Privata Aff\u00e4rer<\/li>\n<li><a href=\"https:\/\/news.google.com\/rss\/articles\/CBMiigFBVV95cUxQTVZQQ0RfX0dOeURMRzhLeEZfZ2tVSmVqUW5IZXVDLVF2VW52Y3laV29mN3dvN0x6cUhRVXdUa0poRUVodnpoeFFyV1dmWlh4U282dEhCZHpJQTZ6aGkzTTNEMk1RNF8xOFJKeFNVSFRKYTlUaHBMRUZtb1h2dFdFNmVWUUJRMUVYc2c?oc=5\" target=\"_blank\" rel=\"nofollow noopener\">Vattenfall: Kyla har f\u00e5tt elpriserna att stiga<\/a>&nbsp;&nbsp;Aff\u00e4rsv\u00e4rlden<\/li>\n<li><a href=\"https:\/\/news.google.com\/rss\/articles\/CBMivwFBVV95cUxPOWV2ekNtaktIem1rcnBfeFJiemc4eEwtWndBLU9lSTNIakp4TTQ3eV9WWk1aX2czYm1JMWxGcTZiTUZraUtnSlctaFg3bUMxUEo3aW1hak5CanBHanMyU0pNTW40ZDNkWHB4dFZUdDc2ZHJBMGZza1dUQWtnT2o1Z3pGWkI1MFBHYWtkNlZkdDJ0c1d1UVdaampMbV8wOWFvZFlaNk51S3VqcHlUNGxPT2VycjQxcmJvTEREWXc4Zw?oc=5\" target=\"_blank\" rel=\"nofollow noopener\">Elf\u00f6rbrukningen n\u00e5r ny topp \u2013 s\u00e5 p\u00e5verkas priset<\/a>&nbsp;&nbsp;MSN<\/li>\n<\/ol>\n","protected":false},"excerpt":{"rendered":"Flaggar f\u00f6r stigande elpriser \u2013 men inga skr\u00e4ckniv\u00e5er: \u201dV\u00e4ldigt v\u00e4derberoende\u201d&nbsp;&nbsp;VF Elmarknaden just nu: \u00c5ret inleds med kyla, h\u00f6gre&hellip;\n","protected":false},"author":2,"featured_media":130557,"comment_status":"","ping_status":"","sticky":false,"template":"","format":"standard","meta":{"footnotes":""},"categories":[65],"tags":[72,70,71,34,31,33,32,30],"class_list":{"0":"post-130556","1":"post","2":"type-post","3":"status-publish","4":"format-standard","5":"has-post-thumbnail","7":"category-ekonomi","8":"tag-business","9":"tag-economy","10":"tag-ekonomi","11":"tag-se","12":"tag-svenska","13":"tag-sverige","14":"tag-sweden","15":"tag-swedish"},"share_on_mastodon":{"url":"https:\/\/pubeurope.com\/@se\/115864959873161268","error":""},"_links":{"self":[{"href":"https:\/\/www.europesays.com\/se\/wp-json\/wp\/v2\/posts\/130556","targetHints":{"allow":["GET"]}}],"collection":[{"href":"https:\/\/www.europesays.com\/se\/wp-json\/wp\/v2\/posts"}],"about":[{"href":"https:\/\/www.europesays.com\/se\/wp-json\/wp\/v2\/types\/post"}],"author":[{"embeddable":true,"href":"https:\/\/www.europesays.com\/se\/wp-json\/wp\/v2\/users\/2"}],"replies":[{"embeddable":true,"href":"https:\/\/www.europesays.com\/se\/wp-json\/wp\/v2\/comments?post=130556"}],"version-history":[{"count":0,"href":"https:\/\/www.europesays.com\/se\/wp-json\/wp\/v2\/posts\/130556\/revisions"}],"wp:featuredmedia":[{"embeddable":true,"href":"https:\/\/www.europesays.com\/se\/wp-json\/wp\/v2\/media\/130557"}],"wp:attachment":[{"href":"https:\/\/www.europesays.com\/se\/wp-json\/wp\/v2\/media?parent=130556"}],"wp:term":[{"taxonomy":"category","embeddable":true,"href":"https:\/\/www.europesays.com\/se\/wp-json\/wp\/v2\/categories?post=130556"},{"taxonomy":"post_tag","embeddable":true,"href":"https:\/\/www.europesays.com\/se\/wp-json\/wp\/v2\/tags?post=130556"}],"curies":[{"name":"wp","href":"https:\/\/api.w.org\/{rel}","templated":true}]}}