{"id":130562,"date":"2026-01-09T11:51:25","date_gmt":"2026-01-09T11:51:25","guid":{"rendered":"https:\/\/www.europesays.com\/se\/130562\/"},"modified":"2026-01-09T11:51:25","modified_gmt":"2026-01-09T11:51:25","slug":"betongarbetaren-kommer-inte-till-jobbet-har-nagonstans-star-hans-firmabil","status":"publish","type":"post","link":"https:\/\/www.europesays.com\/se\/130562\/","title":{"rendered":"Betongarbetaren kommer inte till jobbet \u2013 h\u00e4r n\u00e5gonstans st\u00e5r hans firmabil"},"content":{"rendered":"<p>Under nattens sn\u00f6ov\u00e4der f\u00f6ll cirka 90 centimeter sn\u00f6 i Kramfors. Betongarbetaren Daniel H\u00f6glund blev insn\u00f6ad liksom firmabilen.<br \/>\u2013 Under mina 52 \u00e5r har jag aldrig varit med om n\u00e5got liknande, s\u00e4ger han.<\/p>\n<p>      <img width=\"800\" height=\"449\" src=\"https:\/\/www.europesays.com\/se\/wp-content\/uploads\/2026\/01\/vararbilen-danielhoglund-800x449.png\" class=\"img-fluid\" alt=\"\" decoding=\"async\" loading=\"lazy\"  \/><\/p>\n<p>\n                          Under natten f\u00f6ll upp till 90 centimer sn\u00f6 i Kramfors.<br \/>\nBetongarbetaren Daniel H\u00f6glund<br \/>\nfick b\u00f6rja dagen med att skotta fram firmabilen.<br \/>\n&#8221;Det \u00e4r det sjukaste jag varit med om&#8221;, s\u00e4ger han. Foto: Privat\n                      <\/p>\n<p style=\"font-weight: 400;\">Sn\u00f6ov\u00e4dret Anna har dragit in \u00f6ver Sverige med full fart och lamslagit flera delar av landet. V\u00e4rst drabbat \u00e4r delar av kustomr\u00e5det i \u00c5ngermanland.<\/p>\n<p style=\"font-weight: 400;\">Natten mellan torsdagen och fredagen f\u00f6ll mellan 80 och 90 cm sn\u00f6 i Kramfors.<\/p>\n<p style=\"font-weight: 400;\">\u2013 Jag har en medarbetare som hade 15 centimeter sn\u00f6 ig\u00e5r och n\u00e4r han gick ut idag var det \u00f6ver en meter, ber\u00e4ttar Anders Johansson, produktionschef p\u00e5 Lennart Erikssons bygg i Kramfors.<\/p>\n<p>\u201dMax tio som kommer\u201d<\/p>\n<p style=\"font-weight: 400;\">Byggf\u00f6retaget har 27 anst\u00e4llda och utf\u00f6r mindre byggjobb, ombyggnationer och f\u00f6rs\u00e4kringsjobb, mestadels i Kramfors. Men idag \u00e4r det bara ett f\u00e5tal som har m\u00f6jlighet att ta sig till jobbet.<\/p>\n<p style=\"font-weight: 400;\">\u2013 Det \u00e4r nog max tio som kommer. Nu har det slutat att sn\u00f6a, men idag blir det nog mycket skottning. Byggjobben stannar av helt, s\u00e4ger produktionschefen Anders Johansson.<\/p>\n<p><a href=\"https:\/\/www.byggnadsarbetaren.se\/wp\/wp-admin\/post-new.php\" rel=\"nofollow noopener\" target=\"_blank\">L\u00c4S MER: Byggjobba i m\u00e5nga minusgrader \u2013det h\u00e4r g\u00e4ller<\/a><\/p>\n<p style=\"font-weight: 400;\">En av dem som inte kan ta sig till jobbet \u00e4r betongarbetaren Daniel H\u00f6glund. N\u00e4r han vaknade i morse var han helt insn\u00f6ad i sitt hus i centrala Kramfors och firmabilen l\u00e5g begravd under en h\u00f6g sn\u00f6driva.<\/p>\n<p style=\"font-weight: 400;\">Sn\u00f6ov\u00e4dret b\u00f6rjade i g\u00e5r, d\u00e5 en r\u00f6d varning utf\u00e4rdades vid 15-tiden p\u00e5 eftermiddagen.<\/p>\n<p style=\"font-weight: 400;\">\u2013 Jag kunde ta mig hem, men det blev successivt v\u00e4rre och v\u00e4rre. Bl\u00e5sten drev p\u00e5 sn\u00f6n och det var dessutom blixt och \u00e5ska l\u00e5ngt in p\u00e5 natten. Det var riktigt obehagligt och det sjukaste jag har varit med om.<\/p>\n<p>\u201dEn sn\u00f6smocka utan dess like\u201d<\/p>\n<p style=\"font-weight: 400;\">Daniel H\u00f6glund arbetar just nu med ett f\u00f6rs\u00e4kringsjobb i centrala Kramfors, d\u00e4r han l\u00e4gger klinkers hos en privatperson. Men idag kommer han ingenstans.<\/p>\n<p style=\"font-weight: 400;\">\u2013 Det blir j\u00e4ttesv\u00e5rt. V\u00e4garna \u00e4r inte plogade och det g\u00e5r inte att parkera n\u00e5gon firmabil.<\/p>\n<p style=\"font-weight: 400;\">Under morgonen har han skottat sn\u00f6 i tv\u00e5 timmar och f\u00e5tt hj\u00e4lp av en granne som har en sn\u00f6slunga.<\/p>\n<p style=\"font-weight: 400;\">\u2013 2018 var det mycket sn\u00f6, men nu \u00e4r det en sn\u00f6smocka utan dess like. Under mina 52 \u00e5r har jag aldrig varit med om n\u00e5got liknande, men det \u00e4r bara att gilla l\u00e4get.<\/p>\n<p>F\u00e5 de senaste byggnyheterna \u2013 direkt i din mail!\u00a0<a href=\"https:\/\/gansub.com\/s\/FbGg8lCfNdvJOo2\/\" rel=\"nofollow noopener\" target=\"_blank\">Prenumerera p\u00e5 \u201dByggnadsarbetarens nyhetsbrev\u201d.<\/a><\/p>\n<p><a href=\"https:\/\/gansub.com\/s\/FbGg8lCfNdvJOo2\/\" rel=\"nofollow noopener\" target=\"_blank\">G\u00e5 med i Facebookgruppen\u00a0<\/a><a href=\"https:\/\/www.facebook.com\/groups\/237187510551001\/\" rel=\"nofollow noopener\" target=\"_blank\">Arbetsmilj\u00f6 p\u00e5 bygget\u00a0<\/a>och f\u00e5 de senaste nyheterna i ditt fl\u00f6de.<\/p>\n","protected":false},"excerpt":{"rendered":"Under nattens sn\u00f6ov\u00e4der f\u00f6ll cirka 90 centimeter sn\u00f6 i Kramfors. Betongarbetaren Daniel H\u00f6glund blev insn\u00f6ad liksom firmabilen.\u2013 Under&hellip;\n","protected":false},"author":2,"featured_media":130563,"comment_status":"","ping_status":"","sticky":false,"template":"","format":"standard","meta":{"footnotes":""},"categories":[12],"tags":[22,23,26,27,17,21,24,25,28,29,15,16,18,34,31,33,32,30,19,20],"class_list":{"0":"post-130562","1":"post","2":"type-post","3":"status-publish","4":"format-standard","5":"has-post-thumbnail","7":"category-sverige","8":"tag-breaking-news","9":"tag-breakingnews","10":"tag-featured-news","11":"tag-featurednews","12":"tag-headlines","13":"tag-huvudnyheter","14":"tag-latest-news","15":"tag-latestnews","16":"tag-main-news","17":"tag-mainnews","18":"tag-news","19":"tag-nyheter","20":"tag-rubriker","21":"tag-se","22":"tag-svenska","23":"tag-sverige","24":"tag-sweden","25":"tag-swedish","26":"tag-top-stories","27":"tag-topstories"},"share_on_mastodon":{"url":"https:\/\/pubeurope.com\/@se\/115864999312731421","error":""},"_links":{"self":[{"href":"https:\/\/www.europesays.com\/se\/wp-json\/wp\/v2\/posts\/130562","targetHints":{"allow":["GET"]}}],"collection":[{"href":"https:\/\/www.europesays.com\/se\/wp-json\/wp\/v2\/posts"}],"about":[{"href":"https:\/\/www.europesays.com\/se\/wp-json\/wp\/v2\/types\/post"}],"author":[{"embeddable":true,"href":"https:\/\/www.europesays.com\/se\/wp-json\/wp\/v2\/users\/2"}],"replies":[{"embeddable":true,"href":"https:\/\/www.europesays.com\/se\/wp-json\/wp\/v2\/comments?post=130562"}],"version-history":[{"count":0,"href":"https:\/\/www.europesays.com\/se\/wp-json\/wp\/v2\/posts\/130562\/revisions"}],"wp:featuredmedia":[{"embeddable":true,"href":"https:\/\/www.europesays.com\/se\/wp-json\/wp\/v2\/media\/130563"}],"wp:attachment":[{"href":"https:\/\/www.europesays.com\/se\/wp-json\/wp\/v2\/media?parent=130562"}],"wp:term":[{"taxonomy":"category","embeddable":true,"href":"https:\/\/www.europesays.com\/se\/wp-json\/wp\/v2\/categories?post=130562"},{"taxonomy":"post_tag","embeddable":true,"href":"https:\/\/www.europesays.com\/se\/wp-json\/wp\/v2\/tags?post=130562"}],"curies":[{"name":"wp","href":"https:\/\/api.w.org\/{rel}","templated":true}]}}