{"id":130564,"date":"2026-01-09T11:52:11","date_gmt":"2026-01-09T11:52:11","guid":{"rendered":"https:\/\/www.europesays.com\/se\/130564\/"},"modified":"2026-01-09T11:52:11","modified_gmt":"2026-01-09T11:52:11","slug":"skolor-haller-stangt-orange-snovarning-svd","status":"publish","type":"post","link":"https:\/\/www.europesays.com\/se\/130564\/","title":{"rendered":"Skolor h\u00e5ller st\u00e4ngt \u2013 orange sn\u00f6varning &#8211; SvD"},"content":{"rendered":"<ol>\n<li><a href=\"https:\/\/news.google.com\/rss\/articles\/CBMieEFVX3lxTFBVS0FOU2x6eXNoTVAxemZlbVBOUTAwRWhqelJzUnkxeXRLcUh0LW1ENTRXMnFXQ0E5SnVBUEtHZWVhcGU4MjBHb0REay1WTVVCam5fZlVqYm9wMnZKN0ZOVUxsTDNrY3JyMzhTNmVuVW10a084TXpCTA?oc=5\" target=\"_blank\" rel=\"nofollow noopener\">Skolor h\u00e5ller st\u00e4ngt \u2013 orange sn\u00f6varning<\/a>&nbsp;&nbsp;SvD<\/li>\n<li><a href=\"https:\/\/news.google.com\/rss\/articles\/CBMikAFBVV95cUxPT2hYRkZBTzR1NU1sNDcxZUZ1WmVHMktzQ25FcHRHeFpXemNWYU9rRmhWdTh6OVVSbE5OVHdnZ1ROejdFS1NJMjRHaU5GSFlIMlBnQTBuamFVZ3B2cy11bDU0b3V4QVZhOTMxOFhlbWJBS0JUMjE5aFpzeUdtWnNYZjZsenQ4Y3FRT1BoaTFJRVc?oc=5\" target=\"_blank\" rel=\"nofollow noopener\">Nya beskedet: Flytta sn\u00f6t\u00e4ckta bilen \u2013 annars kan du f\u00e5 b\u00f6ter \u2013 V\u00e4der- och trafikl\u00e4get i landet<\/a>&nbsp;&nbsp;SVT Nyheter<\/li>\n<li><a href=\"https:\/\/news.google.com\/rss\/articles\/CBMimAFBVV95cUxPSnY2QjZjTmczcXNFamZVckRFM25EYkFjY3JHbnFmQWllLWQzWjMzTTgyNkRMWWtTSXRURnZTdjBhT2VrTlJCTmZ3bHNielp2dDJudkpELTRrWEFPa0w3QUdzbmJjTEdUdkZSZjZzMXpSWjhxU0FWaEsxV3daUk1XeGpXOU5BalhHNEdQZjdXNVljN0w3SWRBZA?oc=5\" target=\"_blank\" rel=\"nofollow noopener\">DIREKT: R\u00f6da varningen \u00f6ver \u2013 f\u00f6lj l\u00e4get direkt<\/a>&nbsp;&nbsp;Tidningen \u00c5ngermanland<\/li>\n<li><a href=\"https:\/\/news.google.com\/rss\/articles\/CBMijgFBVV95cUxOMnpCajJTX2JkN0g1UUV5eFpSZ1gydnBHZmJwOGpxZzIxWFRCVVlVb3BSdFRzelgzbXFPM2RTOGtGVmV3UElyYWhfV005R1Mzbl95WnIzQ3RyVEhHQ3laOEtUV1hVelNSSlgxalozRU1YeFdKZ1BDRzI1NWdKZ2p1dGNDenFrWVN0S0dwYmdB?oc=5\" target=\"_blank\" rel=\"nofollow noopener\">St\u00e4ngda skolor och inst\u00e4llda t\u00e5g i sn\u00f6ns sp\u00e5r<\/a>&nbsp;&nbsp;Aftonbladet<\/li>\n<li><a href=\"https:\/\/news.google.com\/rss\/articles\/CBMihAFBVV95cUxQY2ctN2VMWWdSNG1FczMzS1BKRkg4SGxBdVc3MHg4Y1hpNjJlbnRQb2h4QmxfdjE3MlBwbFEtbVRsRk1xdUtTb29FQ000YkRUT2dkUU9lTENJUnVESERCLUZrWW9kOFJvaTllNjFueDFQVEVsLUc4a2hxelYxZUV0NWNVNUU?oc=5\" target=\"_blank\" rel=\"nofollow noopener\">SMHI: \u201dV\u00e4rst under kv\u00e4llen och natten\u201d<\/a>&nbsp;&nbsp;Expressen<\/li>\n<\/ol>\n","protected":false},"excerpt":{"rendered":"Skolor h\u00e5ller st\u00e4ngt \u2013 orange sn\u00f6varning&nbsp;&nbsp;SvD Nya beskedet: Flytta sn\u00f6t\u00e4ckta bilen \u2013 annars kan du f\u00e5 b\u00f6ter \u2013&hellip;\n","protected":false},"author":2,"featured_media":130565,"comment_status":"","ping_status":"","sticky":false,"template":"","format":"standard","meta":{"footnotes":""},"categories":[5],"tags":[22,23,26,27,17,21,24,25,28,29,15,16,18,34,31,33,32,30,19,20],"class_list":{"0":"post-130564","1":"post","2":"type-post","3":"status-publish","4":"format-standard","5":"has-post-thumbnail","7":"category-rubriker","8":"tag-breaking-news","9":"tag-breakingnews","10":"tag-featured-news","11":"tag-featurednews","12":"tag-headlines","13":"tag-huvudnyheter","14":"tag-latest-news","15":"tag-latestnews","16":"tag-main-news","17":"tag-mainnews","18":"tag-news","19":"tag-nyheter","20":"tag-rubriker","21":"tag-se","22":"tag-svenska","23":"tag-sverige","24":"tag-sweden","25":"tag-swedish","26":"tag-top-stories","27":"tag-topstories"},"share_on_mastodon":{"url":"https:\/\/pubeurope.com\/@se\/115865003132692552","error":""},"_links":{"self":[{"href":"https:\/\/www.europesays.com\/se\/wp-json\/wp\/v2\/posts\/130564","targetHints":{"allow":["GET"]}}],"collection":[{"href":"https:\/\/www.europesays.com\/se\/wp-json\/wp\/v2\/posts"}],"about":[{"href":"https:\/\/www.europesays.com\/se\/wp-json\/wp\/v2\/types\/post"}],"author":[{"embeddable":true,"href":"https:\/\/www.europesays.com\/se\/wp-json\/wp\/v2\/users\/2"}],"replies":[{"embeddable":true,"href":"https:\/\/www.europesays.com\/se\/wp-json\/wp\/v2\/comments?post=130564"}],"version-history":[{"count":0,"href":"https:\/\/www.europesays.com\/se\/wp-json\/wp\/v2\/posts\/130564\/revisions"}],"wp:featuredmedia":[{"embeddable":true,"href":"https:\/\/www.europesays.com\/se\/wp-json\/wp\/v2\/media\/130565"}],"wp:attachment":[{"href":"https:\/\/www.europesays.com\/se\/wp-json\/wp\/v2\/media?parent=130564"}],"wp:term":[{"taxonomy":"category","embeddable":true,"href":"https:\/\/www.europesays.com\/se\/wp-json\/wp\/v2\/categories?post=130564"},{"taxonomy":"post_tag","embeddable":true,"href":"https:\/\/www.europesays.com\/se\/wp-json\/wp\/v2\/tags?post=130564"}],"curies":[{"name":"wp","href":"https:\/\/api.w.org\/{rel}","templated":true}]}}