{"id":130566,"date":"2026-01-09T11:57:22","date_gmt":"2026-01-09T11:57:22","guid":{"rendered":"https:\/\/www.europesays.com\/se\/130566\/"},"modified":"2026-01-09T11:57:22","modified_gmt":"2026-01-09T11:57:22","slug":"mcdonalds-ostercentrum-stanger-sommaren-2026","status":"publish","type":"post","link":"https:\/\/www.europesays.com\/se\/130566\/","title":{"rendered":"McDonalds \u00d6stercentrum st\u00e4nger sommaren 2026"},"content":{"rendered":"<p>Under torsdagen informerades de sista i personalen om beslutet. McDonalds \u00d6stercentrum st\u00e4nger. Sommaren 2026 blir den sista.\u2013 Det \u00e4r tr\u00e5kigt n\u00e4r saker f\u00f6rsvinner och centrum blir tommare och tommare. Jag tycker det \u00e4r tr\u00e5kigt, s\u00e4ger Sara Brozin, anst\u00e4lld hos kedjan p\u00e5 \u00d6stercentrum sedan 2008.Samma \u00e5r tog Magnus Larsson \u00f6ver som vd och franchisetagare, av den verksamh<\/p>\n","protected":false},"excerpt":{"rendered":"Under torsdagen informerades de sista i personalen om beslutet. McDonalds \u00d6stercentrum st\u00e4nger. Sommaren 2026 blir den sista.\u2013 Det&hellip;\n","protected":false},"author":2,"featured_media":130567,"comment_status":"","ping_status":"","sticky":false,"template":"","format":"standard","meta":{"footnotes":""},"categories":[65],"tags":[72,70,71,34,31,33,32,30],"class_list":{"0":"post-130566","1":"post","2":"type-post","3":"status-publish","4":"format-standard","5":"has-post-thumbnail","7":"category-ekonomi","8":"tag-business","9":"tag-economy","10":"tag-ekonomi","11":"tag-se","12":"tag-svenska","13":"tag-sverige","14":"tag-sweden","15":"tag-swedish"},"share_on_mastodon":{"url":"https:\/\/pubeurope.com\/@se\/115865022778838021","error":""},"_links":{"self":[{"href":"https:\/\/www.europesays.com\/se\/wp-json\/wp\/v2\/posts\/130566","targetHints":{"allow":["GET"]}}],"collection":[{"href":"https:\/\/www.europesays.com\/se\/wp-json\/wp\/v2\/posts"}],"about":[{"href":"https:\/\/www.europesays.com\/se\/wp-json\/wp\/v2\/types\/post"}],"author":[{"embeddable":true,"href":"https:\/\/www.europesays.com\/se\/wp-json\/wp\/v2\/users\/2"}],"replies":[{"embeddable":true,"href":"https:\/\/www.europesays.com\/se\/wp-json\/wp\/v2\/comments?post=130566"}],"version-history":[{"count":0,"href":"https:\/\/www.europesays.com\/se\/wp-json\/wp\/v2\/posts\/130566\/revisions"}],"wp:featuredmedia":[{"embeddable":true,"href":"https:\/\/www.europesays.com\/se\/wp-json\/wp\/v2\/media\/130567"}],"wp:attachment":[{"href":"https:\/\/www.europesays.com\/se\/wp-json\/wp\/v2\/media?parent=130566"}],"wp:term":[{"taxonomy":"category","embeddable":true,"href":"https:\/\/www.europesays.com\/se\/wp-json\/wp\/v2\/categories?post=130566"},{"taxonomy":"post_tag","embeddable":true,"href":"https:\/\/www.europesays.com\/se\/wp-json\/wp\/v2\/tags?post=130566"}],"curies":[{"name":"wp","href":"https:\/\/api.w.org\/{rel}","templated":true}]}}