{"id":130568,"date":"2026-01-09T11:59:23","date_gmt":"2026-01-09T11:59:23","guid":{"rendered":"https:\/\/www.europesays.com\/se\/130568\/"},"modified":"2026-01-09T11:59:23","modified_gmt":"2026-01-09T11:59:23","slug":"skidfest-hammarbybacken-oppnar-och-full-fart-i-langdsparen","status":"publish","type":"post","link":"https:\/\/www.europesays.com\/se\/130568\/","title":{"rendered":"Skidfest: Hammarbybacken \u00f6ppnar och full fart i l\u00e4ngdsp\u00e5ren"},"content":{"rendered":"<p class=\"ort\">S\u00f6derort\/Nackareservatet<\/p>\n<p class=\"text\">Stockholmsvintern b\u00f6rjade knappast bra. December var en r\u00e4tt m\u00f6rk och mild historia. I Hammarbybacken tackar man nu sn\u00f6gudarna f\u00f6r b\u00e5de sn\u00f6 och minusgrader. P\u00e5 l\u00f6rdag \u00f6ppnar barnomr\u00e5det f\u00f6r utf\u00f6rs\u00e5kning.<\/p>\n<p class=\"text\">\u2013 Vi k\u00e4mpar p\u00e5. I mitten av n\u00e4sta vecka hoppas vi \u00f6ppna de stora backarna, s\u00e4ger Skistars platschef John Midelf.<\/p>\n<p><img decoding=\"async\" class=\"Image Image_\" src=\"\" data-aghref=\"http:\/\/www.mitti.se\/image-3.237056.271467.20260109115251.a7a2394822\" data-agimagetype=\"hardcrop\" alt=\"En bild fr\u00e5n tidigare \u00e5r. Men snart \u00e4r det dags igen. \"\/><\/p>\n<p class=\"Caption\">En bild fr\u00e5n tidigare \u00e5r. Men snart \u00e4r det dags igen. <\/p>\n<p class=\"Source\">Linn Hedesstr\u00f6m Blad<\/p>\n<p class=\"text\">Allra mest tackar han f\u00f6r minusgraderna. Att det fallit rikligt med natursn\u00f6 r\u00e4cker inte.<\/p>\n<p class=\"text\">\u2013 Man trycker ju ihop sn\u00f6n f\u00f6r att kunna \u00e5ka skidor p\u00e5 den. Man kan s\u00e4ga att 1 meter natursn\u00f6 motsvarar 30 centimeter konstsn\u00f6. Den natursn\u00f6 som kommit r\u00e4cker inte. Vi beh\u00f6ver minusgraderna vi har nu f\u00f6r att tillverka konstsn\u00f6, s\u00e4ger han.<\/p>\n<p>Tv\u00e5 mil l\u00e4ngdsp\u00e5r<\/p>\n<p class=\"text\">L\u00e4ngdskid\u00e5karna kom snabbare ut ur startblocken. Fr\u00e5n Brotorpsstugan finns preparerade sp\u00e5r ut i Nackareservatet bort till Hellasg\u00e5rden och J\u00e4rlag\u00e5rden.<\/p>\n<p class=\"text\">\u2013\u00a0Det finns 20 kilometer skidsp\u00e5r, s\u00e4ger om\u00e5ttligt popul\u00e4re Matts Andr\u00e9e som \u00e4r eldsj\u00e4l i J\u00e4rla orientering.<\/p>\n<p class=\"citat\">En invasion i sp\u00e5ren.<\/p>\n<p><img decoding=\"async\" class=\"Image Image_\" src=\"\" data-aghref=\"http:\/\/www.mitti.se\/image-3.354335.271467.20260109115251.98cd8e7c0e\" data-agimagetype=\"hardcrop\" alt=\"P\u00e5 fredagen gjorde Matts Andr\u00e9e med hj\u00e4lp av klubbmedlemmen Anders Hall sp\u00e5r p\u00e5 Bj\u00f6rkhagens golfbana och \u00e4ngarna vid Bj\u00f6rkhagens utegym. H\u00e4r \u00e5ker han p\u00e5 norra delen av golfbanan.\"\/><\/p>\n<p class=\"Caption\">P\u00e5 fredagen gjorde Matts Andr\u00e9e med hj\u00e4lp av klubbmedlemmen Anders Hall sp\u00e5r p\u00e5 Bj\u00f6rkhagens golfbana och \u00e4ngarna vid Bj\u00f6rkhagens utegym. H\u00e4r \u00e5ker han p\u00e5 norra delen av golfbanan.<\/p>\n<p class=\"Source\">Anders Hall<\/p>\n<p class=\"text\">Med skoter och aggregat f\u00f6r skidsp\u00e5rning k\u00f6r han och en klubbkamrat fram sp\u00e5r i reservatet. Det ideella arbetet bekostas delvis med st\u00f6d av Stockholms stad och Nacka kommun. Men st\u00f6det i sp\u00e5ren och i olika Facebookgrupper \u00e4r helt\u00e4ckande. <\/p>\n<p class=\"text\">\u2013 Det \u00e4r lite av en invasion i sp\u00e5ren. Jag talar med folk och det \u00e4r v\u00e4ldigt mycket tummen upp, s\u00e4ger Matts Andr\u00e9e.<\/p>\n<p><img decoding=\"async\" class=\"Image Image_\" src=\"\" data-aghref=\"http:\/\/www.mitti.se\/image-3.354340.271467.20260109115251.e3425342e2\" data-agimagetype=\"hardcrop\" alt=\"Stockholmarna passar p\u00e5 att \u00e5ka l\u00e4ngd. Den h\u00e4r bilden \u00e4r fr\u00e5n Nackareservatet tidigare i januari.\"\/><\/p>\n<p class=\"Caption\">Stockholmarna passar p\u00e5 att \u00e5ka l\u00e4ngd. Den h\u00e4r bilden \u00e4r fr\u00e5n Nackareservatet tidigare i januari.<\/p>\n<p class=\"Source\">Matts Andr\u00e9e<\/p>\n<p>Sp\u00e5r \u00e4ven i Bj\u00f6rkhagen<\/p>\n<p class=\"text\">Tidigare i \u00e5r har J\u00e4rla orientering inte lyckats ta sig \u00f6ver Dammtorpssj\u00f6n utan att f\u00e5 med sig slask som fryser till i sp\u00e5raggregatet bakom skotern. D\u00e4rf\u00f6r har man inte sp\u00e5rat p\u00e5 Bj\u00f6rkhagens golfbana och p\u00e5 \u00e4ngarna i n\u00e4rheten av Bj\u00f6rkhagens utegym. Men p\u00e5 fredagen kom man torrskodd \u00f6ver partiet. Aggregatet lyftes \u00f6ver med hj\u00e4lp av en lastmaskin. <\/p>\n<p class=\"text\">\u2013 Nu ska vi sp\u00e5ra. Det \u00e4r kul f\u00f6r alla skid\u00e5kare. Det \u00e4r redan mycket folk h\u00e4r och \u00e5ker, s\u00e4ger han. <\/p>\n<p class=\"text\">Ut\u00f6ver J\u00e4rla orienterings sp\u00e5r har Stockholms stad preparerat sp\u00e5r i elljussp\u00e5ren utanf\u00f6r K\u00e4rrtorp och Bj\u00f6rkhagen. Stadens idrottsf\u00f6rvaltning har \u00e4ven gjort sp\u00e5r p\u00e5 Skarpn\u00e4cks IP.<\/p>\n","protected":false},"excerpt":{"rendered":"S\u00f6derort\/Nackareservatet Stockholmsvintern b\u00f6rjade knappast bra. December var en r\u00e4tt m\u00f6rk och mild historia. I Hammarbybacken tackar man nu&hellip;\n","protected":false},"author":2,"featured_media":130569,"comment_status":"","ping_status":"","sticky":false,"template":"","format":"standard","meta":{"footnotes":""},"categories":[12],"tags":[22,23,26,27,17,21,24,25,28,29,15,16,18,34,31,33,32,30,19,20],"class_list":{"0":"post-130568","1":"post","2":"type-post","3":"status-publish","4":"format-standard","5":"has-post-thumbnail","7":"category-sverige","8":"tag-breaking-news","9":"tag-breakingnews","10":"tag-featured-news","11":"tag-featurednews","12":"tag-headlines","13":"tag-huvudnyheter","14":"tag-latest-news","15":"tag-latestnews","16":"tag-main-news","17":"tag-mainnews","18":"tag-news","19":"tag-nyheter","20":"tag-rubriker","21":"tag-se","22":"tag-svenska","23":"tag-sverige","24":"tag-sweden","25":"tag-swedish","26":"tag-top-stories","27":"tag-topstories"},"share_on_mastodon":{"url":"https:\/\/pubeurope.com\/@se\/115865030794137104","error":""},"_links":{"self":[{"href":"https:\/\/www.europesays.com\/se\/wp-json\/wp\/v2\/posts\/130568","targetHints":{"allow":["GET"]}}],"collection":[{"href":"https:\/\/www.europesays.com\/se\/wp-json\/wp\/v2\/posts"}],"about":[{"href":"https:\/\/www.europesays.com\/se\/wp-json\/wp\/v2\/types\/post"}],"author":[{"embeddable":true,"href":"https:\/\/www.europesays.com\/se\/wp-json\/wp\/v2\/users\/2"}],"replies":[{"embeddable":true,"href":"https:\/\/www.europesays.com\/se\/wp-json\/wp\/v2\/comments?post=130568"}],"version-history":[{"count":0,"href":"https:\/\/www.europesays.com\/se\/wp-json\/wp\/v2\/posts\/130568\/revisions"}],"wp:featuredmedia":[{"embeddable":true,"href":"https:\/\/www.europesays.com\/se\/wp-json\/wp\/v2\/media\/130569"}],"wp:attachment":[{"href":"https:\/\/www.europesays.com\/se\/wp-json\/wp\/v2\/media?parent=130568"}],"wp:term":[{"taxonomy":"category","embeddable":true,"href":"https:\/\/www.europesays.com\/se\/wp-json\/wp\/v2\/categories?post=130568"},{"taxonomy":"post_tag","embeddable":true,"href":"https:\/\/www.europesays.com\/se\/wp-json\/wp\/v2\/tags?post=130568"}],"curies":[{"name":"wp","href":"https:\/\/api.w.org\/{rel}","templated":true}]}}