{"id":130570,"date":"2026-01-09T12:00:07","date_gmt":"2026-01-09T12:00:07","guid":{"rendered":"https:\/\/www.europesays.com\/se\/130570\/"},"modified":"2026-01-09T12:00:07","modified_gmt":"2026-01-09T12:00:07","slug":"utvisningshotade-zahra-och-afsad-far-ny-provning","status":"publish","type":"post","link":"https:\/\/www.europesays.com\/se\/130570\/","title":{"rendered":"Utvisningshotade Zahra och Afsad f\u00e5r ny pr\u00f6vning"},"content":{"rendered":"<p>Bakgrunden till utvisningsbeslutet \u00e4r att Zahra och Afshad efter en ny lag inte l\u00e4ngre kan byta sp\u00e5r fr\u00e5n asyls\u00f6kande till arbetskraftsinvandrare. Med de nya reglerna m\u00e5ste den som f\u00e5tt avslag p\u00e5 sin asylans\u00f6kan l\u00e4mna landet och s\u00f6ka arbetstillst\u00e5nd fr\u00e5n utlandet. <\/p>\n<p>\u2013 Vi ska l\u00e4mna landet den 8 januari \u2013 n\u00e4r jag blir klar med utbildningen som jag g\u00e5r p\u00e5 Karolinska, sa Zahra Kazemipour den 23 december till SVT.<\/p>\n<p>Beslutet v\u00e4ckte stora protester hos kollegorna p\u00e5 S\u00f6dersjukhuset, n\u00e5got som SVT tidigare rapporterat om.<\/p>\n<p>Nu kommer nya besked fr\u00e5n Migrationsdomstolen. Familjen f\u00e5r stanna i Sverige tillf\u00e4lligt d\u00e5 en ny pr\u00f6vning beviljats, <a href=\"https:\/\/www.tv4.se\/artikel\/7ChYrT48AOPtRUTOFnqte2\/glaedjebeskedet-foer-zahra-och-afshad-far-stanna-i-sverige\" rel=\"nofollow noopener\" target=\"_blank\">enligt TV4.<\/a><\/p>\n<p>Se bilder fr\u00e5n manifestationen som Zahra och Afshads kollegor p\u00e5 S\u00f6dersjukhuset anordnade, och h\u00f6r mer om fallet, i klippet nedan.<\/p>\n","protected":false},"excerpt":{"rendered":"Bakgrunden till utvisningsbeslutet \u00e4r att Zahra och Afshad efter en ny lag inte l\u00e4ngre kan byta sp\u00e5r fr\u00e5n&hellip;\n","protected":false},"author":2,"featured_media":130571,"comment_status":"","ping_status":"","sticky":false,"template":"","format":"standard","meta":{"footnotes":""},"categories":[5],"tags":[22,23,26,27,17,21,24,25,28,29,15,16,18,34,31,33,32,30,19,20],"class_list":{"0":"post-130570","1":"post","2":"type-post","3":"status-publish","4":"format-standard","5":"has-post-thumbnail","7":"category-rubriker","8":"tag-breaking-news","9":"tag-breakingnews","10":"tag-featured-news","11":"tag-featurednews","12":"tag-headlines","13":"tag-huvudnyheter","14":"tag-latest-news","15":"tag-latestnews","16":"tag-main-news","17":"tag-mainnews","18":"tag-news","19":"tag-nyheter","20":"tag-rubriker","21":"tag-se","22":"tag-svenska","23":"tag-sverige","24":"tag-sweden","25":"tag-swedish","26":"tag-top-stories","27":"tag-topstories"},"share_on_mastodon":{"url":"https:\/\/pubeurope.com\/@se\/115865034580672724","error":""},"_links":{"self":[{"href":"https:\/\/www.europesays.com\/se\/wp-json\/wp\/v2\/posts\/130570","targetHints":{"allow":["GET"]}}],"collection":[{"href":"https:\/\/www.europesays.com\/se\/wp-json\/wp\/v2\/posts"}],"about":[{"href":"https:\/\/www.europesays.com\/se\/wp-json\/wp\/v2\/types\/post"}],"author":[{"embeddable":true,"href":"https:\/\/www.europesays.com\/se\/wp-json\/wp\/v2\/users\/2"}],"replies":[{"embeddable":true,"href":"https:\/\/www.europesays.com\/se\/wp-json\/wp\/v2\/comments?post=130570"}],"version-history":[{"count":0,"href":"https:\/\/www.europesays.com\/se\/wp-json\/wp\/v2\/posts\/130570\/revisions"}],"wp:featuredmedia":[{"embeddable":true,"href":"https:\/\/www.europesays.com\/se\/wp-json\/wp\/v2\/media\/130571"}],"wp:attachment":[{"href":"https:\/\/www.europesays.com\/se\/wp-json\/wp\/v2\/media?parent=130570"}],"wp:term":[{"taxonomy":"category","embeddable":true,"href":"https:\/\/www.europesays.com\/se\/wp-json\/wp\/v2\/categories?post=130570"},{"taxonomy":"post_tag","embeddable":true,"href":"https:\/\/www.europesays.com\/se\/wp-json\/wp\/v2\/tags?post=130570"}],"curies":[{"name":"wp","href":"https:\/\/api.w.org\/{rel}","templated":true}]}}