{"id":130572,"date":"2026-01-09T12:05:11","date_gmt":"2026-01-09T12:05:11","guid":{"rendered":"https:\/\/www.europesays.com\/se\/130572\/"},"modified":"2026-01-09T12:05:11","modified_gmt":"2026-01-09T12:05:11","slug":"analytiker-da-kan-boliden-och-lundin-mining-bli-aktuella-for-uppkop","status":"publish","type":"post","link":"https:\/\/www.europesays.com\/se\/130572\/","title":{"rendered":"Analytiker: D\u00e5 kan Boliden och Lundin Mining bli aktuella f\u00f6r uppk\u00f6p"},"content":{"rendered":"<p class=\"\">Det var p\u00e5 torsdagen som <a class=\"null text-blue-link underline\" href=\"https:\/\/www.ft.com\/content\/33b05a8b-9de0-4e70-8530-7237df1bf0d9\" rel=\"nofollow noopener\" target=\"_blank\">Financial Times <\/a>f\u00f6rst rapporterade att brittiskt-australiska gruvj\u00e4tten Rio Tinto befinner sig i tidiga samtal om att f\u00f6rv\u00e4rva brittiskt-schweiziska Glencore.<\/p>\n<p class=\"\">En s\u00e5dan fusion skulle g\u00f6ra det till v\u00e4rldens st\u00f6rsta gruvbolag, med ett sammanlagt marknadsv\u00e4rde p\u00e5 n\u00e4rmare 207 miljarder dollar, enligt Reuters.<\/p>\n<p class=\"\">Samtidigt p\u00e5g\u00e5r ett historiskt rally i bas- och \u00e4delmetaller, som <a class=\"null text-blue-link underline\" href=\"https:\/\/efn.se\/det-driver-upp-metallpriserna-signalen-avslojar-nasta-trend\" rel=\"nofollow noopener\" target=\"_blank\">EFN har rapporterat om<\/a>. D\u00e4rtill r\u00e5der en konsolideringsv\u00e5g, d\u00e4r bland gruvbolagen Anglo och Teck \u2013\u00a0med fokus p\u00e5 koppar \u2013 f\u00f6r n\u00e5gra veckor sedan annonserade sin sammanslagning till det nya bolaget Anglo Teck, som inv\u00e4ntar myndighetsgodk\u00e4nnande. <\/p>\n<p class=\"\">\u2013 Jag tror att f\u00f6rv\u00e4rv \u00e4r bra f\u00f6r v\u00e4rderingar generellt och det kommer gynna alla gruvbolag sentimentsm\u00e4ssigt om de h\u00e4r g\u00e5r ihop. Det \u00e4r positivt f\u00f6r intresset och v\u00e4rderingen f\u00f6r hela industrin, s\u00e4ger SB1:s analytiker Johannes Grunselius.<\/p>\n<p class=\"\"><a class=\"null text-blue-link underline\" href=\"https:\/\/efn.se\/bors\/instrument\/17921\/bol\/oversikt\" rel=\"nofollow noopener\" target=\"_blank\">Boliden<\/a> och <a class=\"null text-blue-link underline\" href=\"https:\/\/efn.se\/bors\/instrument\/17921\/lumi\/oversikt\" rel=\"nofollow noopener\" target=\"_blank\">Lundin Mining<\/a> stiger b\u00e5da med 3 respektive 3,7 procent i den inledande handeln p\u00e5 Stockholmsb\u00f6rsen. <\/p>\n<p>Boliden och Lundin Mining f\u00f6rv\u00e4rvskandidater<\/p>\n<p class=\"\">Redan 2024 befann sig Rio Tinto och Glencore i f\u00f6rv\u00e4rvssamtal. Den g\u00e5ngen f\u00f6ll dock aff\u00e4ren efter att man inte lyckats komma \u00f6verens om bland annat v\u00e4rderingen.<\/p>\n<p class=\"\">Johannes Grunselius utesluter inte att en potentiell aff\u00e4r kan falla p\u00e5 nytt.<\/p>\n<p class=\"\">\u2013\u00a0Om budet skulle fallera s\u00e5 kommer bolagen att fundera p\u00e5 vad de kan g\u00f6ra i st\u00e4llet. Det finns v\u00e4ldigt begr\u00e4nsat med investeringsm\u00f6jligheter i den h\u00e4r industrin.<\/p>\n<p><img alt=\"SB1:s analytiker Johannes Grunselius. \" loading=\"lazy\" width=\"1280\" height=\"720\" decoding=\"async\" data-nimg=\"1\" class=\"\" style=\"color:transparent\"   src=\"https:\/\/www.europesays.com\/se\/wp-content\/uploads\/2026\/01\/9ANBIdBOlbzGG3U1CBihiR3qn4egjwjIfUo8YFZ8.png\"\/>SB1:s analytiker Johannes Grunselius.  Foto: Pressbild<\/p>\n<p class=\"\">Han lyfter fram Boliden och Lundin Mining som tv\u00e5 \u201dv\u00e4ldigt v\u00e4lsk\u00f6tta bolag\u201d och potentiella uppk\u00f6pskandidater. <\/p>\n<p class=\"\">S\u00e4rskilt Lundin Mining, som han kallar f\u00f6r \u201dspot on\u201d utifr\u00e5n bolagets tydliga exponering mot kopparutvinning. Tanken \u00e4r att Vicu\u00f1adistriktet, som ligger mellan Chile och Argentina, p\u00e5 sikt ska lyfta Lundin Minings kopparproduktion fr\u00e5n fjol\u00e5rets 369 000 ton till \u00f6ver 500 000 ton. Det skulle g\u00f6ra bolaget till en av v\u00e4rldens tio st\u00f6rsta kopparproducenter.<\/p>\n<p class=\"\">\u201dLundin Mining m\u00e5 vara en attraktiv uppk\u00f6pskandidat, men vi skulle inte s\u00e4lja f\u00f6r en premie p\u00e5 20 procent n\u00e4r vi tror att bolaget kommer att trefaldiga sitt v\u00e4rde s\u00e5 snart Vicu\u00f1adistriktet \u00e4r i drift\u201d, <a class=\"null text-blue-link underline\" href=\"https:\/\/efn.se\/jack-lundins-besked-kan-salja-lundin-gold\" rel=\"nofollow noopener\" target=\"_blank\">sade Jack Lundin tidigare i en intervju med EFN<\/a>.<\/p>\n<p>Bolidens \u201dgiftpiller\u201d<\/p>\n<p class=\"\">\u00c4ven Boliden ser han som en intressant f\u00f6rv\u00e4rvskandidat.<\/p>\n<p class=\"\">\u2013 Argumenten f\u00f6r \u00e4r att aktien handlas p\u00e5 en kraftig rabatt mot v\u00e5rt samlade partv\u00e4rde, d\u00e4r vi har en id\u00e9 om att substansv\u00e4rdet p\u00e5 konservativ basis \u00e4r minst 800 kronor. Dessutom har man en \u00f6verkapitaliserad balansr\u00e4kning och 100 procent free float, medan alla andra gruvbolag d\u00e4r ute har huvud\u00e4gare som kan blockera aff\u00e4ren.<\/p>\n<p class=\"\"><strong>Vad talar emot Boliden som f\u00f6rv\u00e4rvskandidat?<\/strong><\/p>\n<p class=\"\">\u2013 Sm\u00e4ltverken \u00e4r lite av ett giftpiller f\u00f6r Boliden, d\u00e4r gruvj\u00e4ttarna framf\u00f6r allt vill \u00e5t kopparexponeringen. Boliden har ocks\u00e5 zink-sm\u00e4ltverk. Dessutom ligger Bolidens tillg\u00e5ngar i Norden, medan dessa bolag huvudsakligen vill \u00e5t koppargruvor i Latinamerika.<\/p>\n","protected":false},"excerpt":{"rendered":"Det var p\u00e5 torsdagen som Financial Times f\u00f6rst rapporterade att brittiskt-australiska gruvj\u00e4tten Rio Tinto befinner sig i tidiga&hellip;\n","protected":false},"author":2,"featured_media":130573,"comment_status":"","ping_status":"","sticky":false,"template":"","format":"standard","meta":{"footnotes":""},"categories":[65],"tags":[72,70,71,34,31,33,32,30],"class_list":{"0":"post-130572","1":"post","2":"type-post","3":"status-publish","4":"format-standard","5":"has-post-thumbnail","7":"category-ekonomi","8":"tag-business","9":"tag-economy","10":"tag-ekonomi","11":"tag-se","12":"tag-svenska","13":"tag-sverige","14":"tag-sweden","15":"tag-swedish"},"share_on_mastodon":{"url":"https:\/\/pubeurope.com\/@se\/115865054316075657","error":""},"_links":{"self":[{"href":"https:\/\/www.europesays.com\/se\/wp-json\/wp\/v2\/posts\/130572","targetHints":{"allow":["GET"]}}],"collection":[{"href":"https:\/\/www.europesays.com\/se\/wp-json\/wp\/v2\/posts"}],"about":[{"href":"https:\/\/www.europesays.com\/se\/wp-json\/wp\/v2\/types\/post"}],"author":[{"embeddable":true,"href":"https:\/\/www.europesays.com\/se\/wp-json\/wp\/v2\/users\/2"}],"replies":[{"embeddable":true,"href":"https:\/\/www.europesays.com\/se\/wp-json\/wp\/v2\/comments?post=130572"}],"version-history":[{"count":0,"href":"https:\/\/www.europesays.com\/se\/wp-json\/wp\/v2\/posts\/130572\/revisions"}],"wp:featuredmedia":[{"embeddable":true,"href":"https:\/\/www.europesays.com\/se\/wp-json\/wp\/v2\/media\/130573"}],"wp:attachment":[{"href":"https:\/\/www.europesays.com\/se\/wp-json\/wp\/v2\/media?parent=130572"}],"wp:term":[{"taxonomy":"category","embeddable":true,"href":"https:\/\/www.europesays.com\/se\/wp-json\/wp\/v2\/categories?post=130572"},{"taxonomy":"post_tag","embeddable":true,"href":"https:\/\/www.europesays.com\/se\/wp-json\/wp\/v2\/tags?post=130572"}],"curies":[{"name":"wp","href":"https:\/\/api.w.org\/{rel}","templated":true}]}}