{"id":130574,"date":"2026-01-09T12:07:26","date_gmt":"2026-01-09T12:07:26","guid":{"rendered":"https:\/\/www.europesays.com\/se\/130574\/"},"modified":"2026-01-09T12:07:26","modified_gmt":"2026-01-09T12:07:26","slug":"stort-intresse-nar-fralsningsarmen-startar-bostad-forst-for-kvinnor-fastighetstidningen","status":"publish","type":"post","link":"https:\/\/www.europesays.com\/se\/130574\/","title":{"rendered":"Stort intresse n\u00e4r Fr\u00e4lsningsarm\u00e9n startar Bostad f\u00f6rst f\u00f6r kvinnor \u2013 Fastighetstidningen"},"content":{"rendered":"<p><strong>Per-Johan Fernstr\u00f6m <\/strong>urs\u00e4ktar att han snabbt beh\u00f6ver st\u00e4lla om fr\u00e5n det praktiska arbete han \u00e4r mitt uppe i n\u00e4r Fastighetstidningen ringer upp.<\/p>\n<p>\u2013 Vi \u00e4r ute och meckar i en av l\u00e4genheterna just nu.<\/p>\n<p style=\"font-size:14px; font-family:'Open Sans',sans-serif; color:grey\">[ Annons ]<\/p>\n<p><a data-track=\"MTgwLDMsNjA=\" class=\"annons_mitten gofollow\" href=\"https:\/\/www.fastighetsagarna.se\/utbildning\/\" rel=\"nofollow noopener\" target=\"_blank\"><img data-lazyloaded=\"1\" decoding=\"async\" src=\"https:\/\/www.europesays.com\/se\/wp-content\/uploads\/2025\/12\/webb-banner-senaste-kunskap-600x360-1.jpg\"\/><\/a><\/p>\n<p>Per-Johan Fernstr\u00f6m \u00e4r talesperson heml\u00f6shetsfr\u00e5gor p\u00e5 Fr\u00e4lsningsarm\u00e9n som nu i januari startar ett Bostad f\u00f6rst-program f\u00f6r kvinnor i hela Stockholm. Det handlar i ett f\u00f6rsta steg om akutl\u00e4genheter riktade till kvinnor med barn i heml\u00f6shet. M\u00e5let \u00e4r att s\u00e5 snabbt som m\u00f6jligt matcha deras behov med ett f\u00f6rstahandskontrakt hos en hyresv\u00e4rd.<\/p>\n<p>Han ber\u00e4ttar att gensvaret varit stort hos privata fastighets\u00e4gare.<\/p>\n<p>\u2013 Vi g\u00e5r in och st\u00e4ller ekonomiska garantier, s\u00e5 det inneb\u00e4r ingen risk f\u00f6r fastighets\u00e4garna. I den modell vi till\u00e4mpar avtalar vi en period, vanligtvis ett \u00e5r, med garantier f\u00f6r att det fungerar med hyra och att det inte \u00e4r n\u00e5gra st\u00f6rningar. Fungerar det s\u00e5 \u00f6verg\u00e5r kontraktet till kvinnan med barn, s\u00e4ger Per-Johan Fernstr\u00f6m.<\/p>\n<p><strong>Det handlar om<\/strong> helt vanliga l\u00e4genheter utspridda i olika fastighetsbolags best\u00e5nd. Per-Johan Fernstr\u00f6m betonar att det i regel inte finns n\u00e5got behov av anpassade hyresniv\u00e5er.<\/p>\n<p>\u2013 Det st\u00f6rsta problemet \u00e4r i regel att betalningsanm\u00e4rkningar. Ofta handlar det om att en kvinna varit v\u00e5ldsutsatt och l\u00e4mnar mannen. D\u00e5 rasar det mesta ihop med betalningar och liknande. Tyv\u00e4rr \u00e4r det ju v\u00e4ldigt f\u00e5 bolag som idag accepterar det betalningsanm\u00e4rkningar och det \u00e4r sv\u00e5rt att som individ komma f\u00f6rbi de automatiska sp\u00e4rrarna. Men med oss som mellanhand blir en annan dialog, s\u00e4ger Per-Johan Fernstr\u00f6m.<\/p>\n<p>M\u00e5nga saknar ocks\u00e5 k\u00f6tid. D\u00e4r har bostadsf\u00f6rmedlingarna f\u00e5tt ut\u00f6kade m\u00f6jligheter att f\u00f6rmedla f\u00f6rturer. Men Per-Johan Fernstr\u00f6m ser ett fortsatt stort behov av insatser fr\u00e5n Fr\u00e4lsningsarm\u00e9n, Stadsmissionen och andra akt\u00f6rer i den ideella sektorn.<\/p>\n<p>\u2013 B\u00e4gge bitarna beh\u00f6vs. En del kan l\u00f6sas med f\u00f6rturer, men min erfarenhet \u00e4r att m\u00e5nga fastighetsbolag inte \u00e4r s\u00e5 riskben\u00e4gna. D\u00e5 blir det ju l\u00e4ttare att finna l\u00f6sningar med den h\u00e4r typen av modeller.<\/p>\n<p><strong>N\u00e4r det handlar om<\/strong> riskben\u00e4genhet passar Per-Johan Fernstr\u00f6m p\u00e5 att ge en l\u00e4tt k\u00e4nga till de allm\u00e4nnyttiga bolagen.<\/p>\n<p>\u2013 De borde kunna vara en betydligt st\u00f6rre spelare n\u00e4r det kommer till l\u00f6sningar som dessa. Vi har haft betydligt l\u00e4ttare att prata med privata fastighets\u00e4gare.<\/p>\n<p>Stelbenta byr\u00e5kratier tror Per-Johan Fernstr\u00f6m kan spela in.<\/p>\n<p>\u2013 Jag var socialchef p\u00e5 Gotland tidigare, och d\u00e4r hade vi en dialog med Gotlandshem p\u00e5 ett helt annat s\u00e4tt. N\u00e4r det gick att ha dialog person till person som var det enklare att komma fram till l\u00f6sningar.<\/p>\n<p><a href=\"https:\/\/fastighetstidningen.se\/wp-content\/uploads\/2026\/01\/Jenny-o-Carolina-scaled.jpg\" rel=\"nofollow noopener\" target=\"_blank\"><img loading=\"lazy\" data-lazyloaded=\"1\" decoding=\"async\" width=\"1024\" height=\"597\" src=\"https:\/\/www.europesays.com\/se\/wp-content\/uploads\/2026\/01\/Jenny-o-Carolina-1024x597.jpg\" alt=\"\" class=\"wp-image-141261\"  data-\/><\/a>Fr\u00e4lsningsarmens Carolina L\u00f6vmark och Jenny Alm. Foto: Jonas Nimmersj\u00f6<\/p>\n<p><strong>I april 2025 k\u00e4nde <\/strong>Socialtj\u00e4nsten till 250 familjer med en otrygg boendesituation i Stockholm stad \u2013 men Fr\u00e4lsningsarm\u00e9n bed\u00f6mer att det faktiska antalet \u00e4r betydligt h\u00f6gre. Fr\u00e4lsningsarm\u00e9ns Bostad f\u00f6rst-program riktar sig till kvinnor i heml\u00f6shet i hela Stockholms l\u00e4n. M\u00e5let \u00e4r att hj\u00e4lpa 15 familjer om \u00e5ret till ett f\u00f6rstahandskontrakt och att \u00e5tminstone 80 procent av dem ska hitta en permanent fast punkt.<\/p>\n<p>Fr\u00e4lsningsarm\u00e9ns Bostad f\u00f6rst-program riktar sig till kvinnor i heml\u00f6shet i hela Stockholms l\u00e4n och Per-Johan Fernstr\u00f6m betonar att man har ett stort behov av fler l\u00e4genheter \u00f6ver hela Stockholms l\u00e4n.<\/p>\n<p>\u2013 Barnen \u00e4r prioritet ett. F\u00f6r att de ska kunna g\u00e5 kvar i sin skola har alla instegsl\u00e4genheterna bra kollektiv kommunikation till hela l\u00e4net. N\u00e4r vi tillsammans med kvinnan bed\u00f6mer att det \u00e4r dags matchar vi deras behov med hyresv\u00e4rd, s\u00e4ger Carolina L\u00f6vmark, som ocks\u00e5 kommer att arbeta i programmet.<\/p>\n<p>Hyresgarantierna matchas med ett individuellt anpassat st\u00f6dprogram med budgetr\u00e5dgivning, relationsprogram, v\u00e4gledning till andra instanser i samh\u00e4llet eller gemenskap p\u00e5 fritiden.<\/p>\n<p>\u2013 Vi rustar kvinnan p\u00e5 olika livsomr\u00e5den. N\u00e4r de inte beh\u00f6ver oroa sig \u00f6ver var familjen ska sova kan de fokusera p\u00e5 att f\u00e5 livet att fungera, s\u00e4ger Jenny Alm, en av de tre som kommer att st\u00f6tta kvinnorna inom programmet.<\/p>\n","protected":false},"excerpt":{"rendered":"Per-Johan Fernstr\u00f6m urs\u00e4ktar att han snabbt beh\u00f6ver st\u00e4lla om fr\u00e5n det praktiska arbete han \u00e4r mitt uppe i&hellip;\n","protected":false},"author":2,"featured_media":130575,"comment_status":"","ping_status":"","sticky":false,"template":"","format":"standard","meta":{"footnotes":""},"categories":[12],"tags":[22,23,26,27,17,21,24,25,28,29,15,16,18,34,31,33,32,30,19,20],"class_list":{"0":"post-130574","1":"post","2":"type-post","3":"status-publish","4":"format-standard","5":"has-post-thumbnail","7":"category-sverige","8":"tag-breaking-news","9":"tag-breakingnews","10":"tag-featured-news","11":"tag-featurednews","12":"tag-headlines","13":"tag-huvudnyheter","14":"tag-latest-news","15":"tag-latestnews","16":"tag-main-news","17":"tag-mainnews","18":"tag-news","19":"tag-nyheter","20":"tag-rubriker","21":"tag-se","22":"tag-svenska","23":"tag-sverige","24":"tag-sweden","25":"tag-swedish","26":"tag-top-stories","27":"tag-topstories"},"share_on_mastodon":{"url":"https:\/\/pubeurope.com\/@se\/115865062256505559","error":""},"_links":{"self":[{"href":"https:\/\/www.europesays.com\/se\/wp-json\/wp\/v2\/posts\/130574","targetHints":{"allow":["GET"]}}],"collection":[{"href":"https:\/\/www.europesays.com\/se\/wp-json\/wp\/v2\/posts"}],"about":[{"href":"https:\/\/www.europesays.com\/se\/wp-json\/wp\/v2\/types\/post"}],"author":[{"embeddable":true,"href":"https:\/\/www.europesays.com\/se\/wp-json\/wp\/v2\/users\/2"}],"replies":[{"embeddable":true,"href":"https:\/\/www.europesays.com\/se\/wp-json\/wp\/v2\/comments?post=130574"}],"version-history":[{"count":0,"href":"https:\/\/www.europesays.com\/se\/wp-json\/wp\/v2\/posts\/130574\/revisions"}],"wp:featuredmedia":[{"embeddable":true,"href":"https:\/\/www.europesays.com\/se\/wp-json\/wp\/v2\/media\/130575"}],"wp:attachment":[{"href":"https:\/\/www.europesays.com\/se\/wp-json\/wp\/v2\/media?parent=130574"}],"wp:term":[{"taxonomy":"category","embeddable":true,"href":"https:\/\/www.europesays.com\/se\/wp-json\/wp\/v2\/categories?post=130574"},{"taxonomy":"post_tag","embeddable":true,"href":"https:\/\/www.europesays.com\/se\/wp-json\/wp\/v2\/tags?post=130574"}],"curies":[{"name":"wp","href":"https:\/\/api.w.org\/{rel}","templated":true}]}}