{"id":130578,"date":"2026-01-09T12:11:07","date_gmt":"2026-01-09T12:11:07","guid":{"rendered":"https:\/\/www.europesays.com\/se\/130578\/"},"modified":"2026-01-09T12:11:07","modified_gmt":"2026-01-09T12:11:07","slug":"sa-bra-ar-netflix-his-hers-med-tessa-thompson-jon-bernthal","status":"publish","type":"post","link":"https:\/\/www.europesays.com\/se\/130578\/","title":{"rendered":"S\u00e5 bra \u00e4r Netflix His &#038; hers med Tessa Thompson Jon Bernthal"},"content":{"rendered":"<p>Publicerad 9 jan 2026 kl 13.00<\/p>\n<p>Tr\u00f6ttsam med en twist. \u00a0<\/p>\n<p>\u00a0\u201dHis &amp; hers\u201d \u00e4r den v\u00e4rsta sortens Netflix-serie.\u00a0<\/p>\n<p><img   alt=\"\"\/><\/p>\n<p>Jon Bernthal och Tessa Thompson spelar huvudrollerna i \u201dHis &amp; hers\u201d.<\/p>\n<p>Foto: Netflix<\/p>\n<p>\u00d6ppna bild i helsk\u00e4rm&#8221;HIS &amp; HERS&#8221;<\/p>\n<p><strong>Manus: <\/strong>William Oldroyd, Tori Sampson, Dee Johnson, Bill Dubuque.<\/p>\n<p><strong>Regi:<\/strong> William Oldroyd, Anja Marquardt.\u00a0<\/p>\n<p><strong>Med:<\/strong> Tessa Thompson, Jon Bernthal, Pablo Schreiber, Crystal Fox, Sunita Mani, Rebecca Rittenhouse, Poppy Liu med flera.\u00a0<\/p>\n<p><strong>Premi\u00e4r:<\/strong> 8 januari p\u00e5 Netflix.\u00a0<\/p>\n<p>Visa mer<\/p>\n<p>Dahlonega \u00e4r staden som ligger en timme fr\u00e5n Atlanta. D\u00e4r hittas en m\u00f6rdad kvinna. Hon har blivit knivhuggen 40 g\u00e5nger.\u00a0<\/p>\n<p>Jon Bernthals rollfigur \u00e4r polisen som ska utreda mordet.\u00a0<\/p>\n<p>Tessa Thompsons rollfigur Anna Andrews \u00e4r journalisten som p\u00e5 eget bev\u00e5g ska rapportera vad som h\u00e4nt.\u00a0<\/p>\n<p>Vi tittare \u00e4r \u00e5sk\u00e5dare till en historia vars logik bygger p\u00e5 det slumpm\u00e4ssigt osannolika av typen visst-\u00e4r-det-lustigt-att-det-\u00e4r-s\u00e5-h\u00e4r eller oj-vi-gick-i-skolan-tillsammans eller se-d\u00e4r-ja-vi-brukade-vara-gifta.<\/p>\n<p>Inget fel med det.\u00a0<\/p>\n<p>\u201dHis &amp; hers\u201d g\u00f6r snabbt klart f\u00f6r tittarna att n\u00e4ra nog inget i de sex avsnitten ska ses som verklighetstroget. I st\u00e4llet \u00e4r tanken bladv\u00e4ndarunderh\u00e5llning och annat vore konstigt d\u00e5 serien baseras p\u00e5 Alice Feeneys roman med samma titel. \u00a0<\/p>\n<p>Den har jag inte l\u00e4st.\u00a0<\/p>\n<p>Efter att ha sett <a href=\"https:\/\/www.expressen.se\/tagg\/organization\/netflix\/\" class=\"\" rel=\"nofollow noopener\" target=\"_blank\">Netflix<\/a>-versionen vill jag inte heller g\u00f6ra det.\u00a0<\/p>\n<p><img loading=\"lazy\"   alt=\"\"\/><\/p>\n<p>\u201dHis &amp; hers\u201d har premi\u00e4r 8 januari p\u00e5 Netflix.<\/p>\n<p>Foto: Netflix<\/p>\n<p>\u00d6ppna bild i helsk\u00e4rm<\/p>\n<p>\u201dHis &amp; hers\u201d \u00e4r stundvis underh\u00e5llande. M\u00e5nga kommer dras med i seriens tempo och hur ber\u00e4ttelsen \u00e4r strukturerad. Tittaren vill f\u00e5 svar p\u00e5 de fr\u00e5gor som presenteras och de hemligheter som rollfigurerna h\u00e5ller n\u00e4ra v\u00e4sten.\u00a0<\/p>\n<p>Problemet \u00e4r hur och n\u00e4r svaren presenteras. S\u00e4rskilt s\u00e5 n\u00e4r rollfigurerna m\u00e5nga g\u00e5nger beter sig p\u00e5 ett s\u00e4tt som trotsar ber\u00e4ttelsens egna ologiska logik.\u00a0<\/p>\n<p>Kul? Jod\u00e5, emellan\u00e5t.<\/p>\n<p>Tr\u00f6ttsamt? Alldeles f\u00f6r ofta.\u00a0<\/p>\n<p><strong>Tessa Thompson och Jon Bernthal har lyckligtvis karisma och n\u00e5gorlunda lyckad kemi. De lyfter de scener som b\u00e4rs fram av l\u00f6jlig dialog.<\/strong><\/p>\n<p><strong>F\u00f6r att vara en serie som vill att tittaren ska bli \u00f6verraskad n\u00e4r mattan dras undan \u00e4r replikerna s\u00e5 generiskt skrivna att den enda slutsatsen \u00e4r att serien tror att de som v\u00e4ljer \u201dHis &amp; hers\u201d \u00e4nd\u00e5 f\u00f6redrar att scrolla p\u00e5 mobilen. \u00a0\u00a0<\/strong><\/p>\n<p>V\u00e4rst \u00e4r uppl\u00f6sningen, s\u00e5 idiotisk att den f\u00f6rvandlas till en liten glad surpris.\u00a0<\/p>\n<p>\u201dHis &amp; hers\u201d blir d\u00e4rmed den v\u00e4rsta sortens Netflix-serie: det h\u00e4r g\u00e5r utan tvekan att se p\u00e5 men efter\u00e5t k\u00e4nner tittaren ett slags tomhet d\u00e4r inga k\u00e4nslor f\u00e5r plats.\u00a0<\/p>\n<p>Ge det en m\u00e5nad s\u00e5 kommer ingen minnas \u201dHis &amp; hers\u201d.\u00a0<\/p>\n","protected":false},"excerpt":{"rendered":"Publicerad 9 jan 2026 kl 13.00 Tr\u00f6ttsam med en twist. \u00a0 \u00a0\u201dHis &amp; hers\u201d \u00e4r den v\u00e4rsta sortens&hellip;\n","protected":false},"author":2,"featured_media":130579,"comment_status":"","ping_status":"","sticky":false,"template":"","format":"standard","meta":{"footnotes":""},"categories":[67],"tags":[104,1839,34,645,31,33,32,30,646,105],"class_list":{"0":"post-130578","1":"post","2":"type-post","3":"status-publish","4":"format-standard","5":"has-post-thumbnail","7":"category-underhallning","8":"tag-entertainment","9":"tag-organization-netflix","10":"tag-se","11":"tag-sections-tv","12":"tag-svenska","13":"tag-sverige","14":"tag-sweden","15":"tag-swedish","16":"tag-topic-tv-serier","17":"tag-underhallning"},"share_on_mastodon":{"url":"https:\/\/pubeurope.com\/@se\/115865077916062394","error":""},"_links":{"self":[{"href":"https:\/\/www.europesays.com\/se\/wp-json\/wp\/v2\/posts\/130578","targetHints":{"allow":["GET"]}}],"collection":[{"href":"https:\/\/www.europesays.com\/se\/wp-json\/wp\/v2\/posts"}],"about":[{"href":"https:\/\/www.europesays.com\/se\/wp-json\/wp\/v2\/types\/post"}],"author":[{"embeddable":true,"href":"https:\/\/www.europesays.com\/se\/wp-json\/wp\/v2\/users\/2"}],"replies":[{"embeddable":true,"href":"https:\/\/www.europesays.com\/se\/wp-json\/wp\/v2\/comments?post=130578"}],"version-history":[{"count":0,"href":"https:\/\/www.europesays.com\/se\/wp-json\/wp\/v2\/posts\/130578\/revisions"}],"wp:featuredmedia":[{"embeddable":true,"href":"https:\/\/www.europesays.com\/se\/wp-json\/wp\/v2\/media\/130579"}],"wp:attachment":[{"href":"https:\/\/www.europesays.com\/se\/wp-json\/wp\/v2\/media?parent=130578"}],"wp:term":[{"taxonomy":"category","embeddable":true,"href":"https:\/\/www.europesays.com\/se\/wp-json\/wp\/v2\/categories?post=130578"},{"taxonomy":"post_tag","embeddable":true,"href":"https:\/\/www.europesays.com\/se\/wp-json\/wp\/v2\/tags?post=130578"}],"curies":[{"name":"wp","href":"https:\/\/api.w.org\/{rel}","templated":true}]}}