{"id":130580,"date":"2026-01-09T12:13:28","date_gmt":"2026-01-09T12:13:28","guid":{"rendered":"https:\/\/www.europesays.com\/se\/130580\/"},"modified":"2026-01-09T12:13:28","modified_gmt":"2026-01-09T12:13:28","slug":"svagt-uppat-pa-asienborserna","status":"publish","type":"post","link":"https:\/\/www.europesays.com\/se\/130580\/","title":{"rendered":"Svagt upp\u00e5t p\u00e5 Asienb\u00f6rserna"},"content":{"rendered":"<p>share-arrowDela<\/p>\n<p>unsaveSpara<\/p>\n<p>expand-left<\/p>\n<p>helsk\u00e4rm<img decoding=\"async\" class=\"image-asset hyperion-css-u06ts1\" data-test-tag=\"image-asset\" src=\"https:\/\/www.europesays.com\/se\/wp-content\/uploads\/2026\/01\/1360d419-6344-4fa5-b19f-e4f4b9526f21.jpeg\"  alt=\"Japanska Nikkei 225 g\u00e5r upp\u00e5t n\u00e5got under fredagen.\"  loading=\"eager\" fetchpriority=\"high\" style=\"aspect-ratio:1900 \/ 1362\"\/>Japanska Nikkei 225 g\u00e5r upp\u00e5t n\u00e5got under fredagen. Foto: Kyodo News\/AP\/TT<\/p>\n<p class=\"hyperion-css-1shl3oz\" data-test-tag=\"lead-text\">B\u00f6rsindexen i Asien g\u00e5r svagt upp\u00e5t under fredagens inledande handel.<\/p>\n<p class=\"hyperion-css-1v9qo5x\">Under torsdagen handlades flera av de asiatiska b\u00f6rsindexen kring nollan. Under fredagsf\u00f6rmiddagen, lokal tid, v\u00e4nde de svagt upp\u00e5t.<\/p>\n<p class=\"hyperion-css-1v9qo5x\">Japanska Nikkei 225 \u00f6kar med 1,1 procent. I Kina \u00f6kar Shenzhen med 0,6 procent och Shanghai kl\u00e4ttrar med 0,3 procent.<\/p>\n<p class=\"hyperion-css-1v9qo5x\">Kospi i Sydkorea \u00f6kar med 0,6 procent, och bredare Topix gjorde detsamma.<\/p>\n<p class=\"hyperion-css-1v9qo5x\">Hongkong-baserade Hang Seng ligger p\u00e5 of\u00f6r\u00e4ndrad niv\u00e5.<\/p>\n","protected":false},"excerpt":{"rendered":"share-arrowDela unsaveSpara expand-left helsk\u00e4rmJapanska Nikkei 225 g\u00e5r upp\u00e5t n\u00e5got under fredagen. Foto: Kyodo News\/AP\/TT B\u00f6rsindexen i Asien g\u00e5r&hellip;\n","protected":false},"author":2,"featured_media":130581,"comment_status":"","ping_status":"","sticky":false,"template":"","format":"standard","meta":{"footnotes":""},"categories":[65],"tags":[72,70,71,34,31,33,32,30],"class_list":{"0":"post-130580","1":"post","2":"type-post","3":"status-publish","4":"format-standard","5":"has-post-thumbnail","7":"category-ekonomi","8":"tag-business","9":"tag-economy","10":"tag-ekonomi","11":"tag-se","12":"tag-svenska","13":"tag-sverige","14":"tag-sweden","15":"tag-swedish"},"share_on_mastodon":{"url":"https:\/\/pubeurope.com\/@se\/115865085713925557","error":""},"_links":{"self":[{"href":"https:\/\/www.europesays.com\/se\/wp-json\/wp\/v2\/posts\/130580","targetHints":{"allow":["GET"]}}],"collection":[{"href":"https:\/\/www.europesays.com\/se\/wp-json\/wp\/v2\/posts"}],"about":[{"href":"https:\/\/www.europesays.com\/se\/wp-json\/wp\/v2\/types\/post"}],"author":[{"embeddable":true,"href":"https:\/\/www.europesays.com\/se\/wp-json\/wp\/v2\/users\/2"}],"replies":[{"embeddable":true,"href":"https:\/\/www.europesays.com\/se\/wp-json\/wp\/v2\/comments?post=130580"}],"version-history":[{"count":0,"href":"https:\/\/www.europesays.com\/se\/wp-json\/wp\/v2\/posts\/130580\/revisions"}],"wp:featuredmedia":[{"embeddable":true,"href":"https:\/\/www.europesays.com\/se\/wp-json\/wp\/v2\/media\/130581"}],"wp:attachment":[{"href":"https:\/\/www.europesays.com\/se\/wp-json\/wp\/v2\/media?parent=130580"}],"wp:term":[{"taxonomy":"category","embeddable":true,"href":"https:\/\/www.europesays.com\/se\/wp-json\/wp\/v2\/categories?post=130580"},{"taxonomy":"post_tag","embeddable":true,"href":"https:\/\/www.europesays.com\/se\/wp-json\/wp\/v2\/tags?post=130580"}],"curies":[{"name":"wp","href":"https:\/\/api.w.org\/{rel}","templated":true}]}}