{"id":130582,"date":"2026-01-09T12:15:18","date_gmt":"2026-01-09T12:15:18","guid":{"rendered":"https:\/\/www.europesays.com\/se\/130582\/"},"modified":"2026-01-09T12:15:18","modified_gmt":"2026-01-09T12:15:18","slug":"varnar-for-svaga-isar-plogar-inte-sjon","status":"publish","type":"post","link":"https:\/\/www.europesays.com\/se\/130582\/","title":{"rendered":"Varnar f\u00f6r svaga isar \u2013 plogar inte sj\u00f6n"},"content":{"rendered":"<p class=\"ort\">T\u00e4by <\/p>\n<p class=\"text\">Kylan har h\u00e5llit i sig i Stockholm och mycket sn\u00f6 har lagt sig p\u00e5 marken. <\/p>\n<p class=\"text\">Men sn\u00f6 p\u00e5verkar isens kvalitet p\u00e5 sj\u00f6arna.<\/p>\n<p class=\"text\">\u2013 Det var isar p\u00e5 flera h\u00e5ll i Mellansverige som var tunna \u2013 sedan kom den vita smockan och d\u00e5 \u00e4r det lurigt, s\u00e4ger Jan Insulander, projektledare p\u00e5 Issa\u0308kerhetsra\u030adet. <\/p>\n<p class=\"text\">Sn\u00f6n isolerar n\u00e4mligen isen.<\/p>\n<p class=\"text\">\u2013 Det \u00e4r som att l\u00e4gga dunt\u00e4cke \u00f6ver sj\u00f6n, det \u00e4r v\u00e4ldigt l\u00e4skigt nu, s\u00e4ger han. <\/p>\n<p class=\"faktarubrik\">Iss\u00e4kerhetsr\u00e5det <\/p>\n<p class=\"fakta\">\u00c4r ett samarbete mellan Svenska Livr\u00e4ddningss\u00e4llskapet, Sveriges Sn\u00f6skoter\u00e4gares Riksorganisation (SNOFED), Friluftsfr\u00e4mjandet, Sj\u00f6r\u00e4ddningss\u00e4llskapet, Skridskon\u00e4tet och Sportfiskarna.<\/p>\n<p class=\"fakta\">Med m\u00e5let att sprida kunskap om iss\u00e4kerhet f\u00f6r att f\u00f6rhindra olyckor p\u00e5 isen. <\/p>\n<p class=\"faktakalla\">K\u00e4lla: Iss\u00e4kerhetsr\u00e5det<\/p>\n<p>Sn\u00f6n bromsar tillv\u00e4xten <\/p>\n<p class=\"text\">Han uppmanar allm\u00e4nheten att inte ge sig ut med skridskor eller skidor p\u00e5 n\u00e5gra isar om man inte har otroligt stor vana. Risken finns att isen inte \u00e4r tillr\u00e4ckligt tjock och d\u00e5 kan man g\u00e5 igenom.<\/p>\n<p class=\"text\">\u2013 Rent mentalt t\u00e4nker man att det varit kallt hur l\u00e4nge som helst, men sn\u00f6n bromsar istillv\u00e4xten, s\u00e4ger Jan Insulander och forts\u00e4tter:<\/p>\n<p class=\"text\">\u2013 Man f\u00e5r v\u00e4nta p\u00e5 t\u00f6v\u00e4der eller att M\u00e4laren l\u00e4gger sig.<\/p>\n<p><img decoding=\"async\" class=\"Image Image_\" src=\"\" data-aghref=\"http:\/\/www.mitti.se\/image-3.100299.271462.20260108165517.6ada23d599\" data-agimagetype=\"hardcrop\" alt=\"K\u00e4rnisen ska ha en tjocklek p\u00e5 10 centimeter innan men ger sig ut.\"\/><\/p>\n<p class=\"Caption\">K\u00e4rnisen ska ha en tjocklek p\u00e5 10 centimeter innan men ger sig ut.<\/p>\n<p class=\"Source\">\u00c5sa Sommarstr\u00f6m<\/p>\n<p class=\"text\">Jan Insulanders rekommendation \u00e4r att ge sig ut p\u00e5 isen om den har en k\u00e4rnis med en tjocklek p\u00e5 10 centimeter. <\/p>\n<p class=\"faktarubrik\">Isvett<\/p>\n<p class=\"fakta\">Var aldrig ensam p\u00e5 isen. <\/p>\n<p class=\"fakta\">Ha alltid med dig isdubbar och annan s\u00e4kerhetsutrustning.<\/p>\n<p class=\"fakta\">G\u00e5 aldrig p\u00e5 is om du inte \u00e4r s\u00e4ker p\u00e5 att den h\u00e5ller. K\u00e4rnis ska vara minst 10 cm tjock. <\/p>\n<p class=\"fakta\">Sn\u00f6t\u00e4ckt is och havsis kan vara svag. <\/p>\n<p class=\"fakta\">Meddela alltid var n\u00e5gonstans du ska vara och n\u00e4r du t\u00e4nker komma tillbaka.<\/p>\n<p class=\"fakta\">F\u00f6r fler tips, g\u00e5 in p\u00e5 Iss\u00e4kerhetsr\u00e5dets <a target=\"_blank\" rel=\"noopener nofollow\" href=\"https:\/\/www.issakerhet.se\/isvett\/\">hemsida<\/a>. <\/p>\n<p class=\"faktakalla\">K\u00e4lla: Iss\u00e4kerhetsr\u00e5det <\/p>\n<p>Plogar inte sj\u00f6n <\/p>\n<p class=\"text\">Varje \u00e5r plogas sp\u00e5r f\u00f6r skridsko\u00e5kning p\u00e5 R\u00f6nningesj\u00f6n. Denna vinter har isen inte varit tillr\u00e4ckligt tjock f\u00f6r att ploga.<\/p>\n<p class=\"text\">P\u00e5 R\u00f6nningesj\u00f6n plogas en cirka fem kilometer l\u00e5ng skridskobana n\u00e4r det bed\u00f6ms l\u00e4mpligt.\u00a0<\/p>\n<p><img decoding=\"async\" class=\"Image Image_\" src=\"\" data-aghref=\"http:\/\/www.mitti.se\/image-3.329701.271462.20260108165517.f4bfc462f9\" data-agimagetype=\"hardcrop\" alt=\"I nul\u00e4get \u00e4r isl\u00e4get os\u00e4kert p\u00e5 grund av sn\u00f6n, s\u00e4ger presschefen p\u00e5 T\u00e4by kommun, Jacob Lagercrantz.\"\/><\/p>\n<p class=\"Caption\">I nul\u00e4get \u00e4r isl\u00e4get os\u00e4kert p\u00e5 grund av sn\u00f6n, s\u00e4ger presschefen p\u00e5 T\u00e4by kommun, Jacob Lagercrantz.<\/p>\n<p class=\"Source\">T\u00e4by kommun<\/p>\n<p>M\u00e4ter regelbudet <\/p>\n<p class=\"text\">F\u00f6r att veta n\u00e4r isen \u00e4r tillr\u00e4ckligt tjock s\u00e5 m\u00e4ter T\u00e4by kommun isen p\u00e5 R\u00f6nningesj\u00f6n regelbundet genom att kontrollera isens tjocklek och kvalitet.<\/p>\n<p class=\"text\">\u2013 Men i nul\u00e4get \u00e4r isl\u00e4get os\u00e4kert eftersom sn\u00f6n som kommit isolerar, s\u00e4ger Jacob Lagercrantz, presschef p\u00e5 T\u00e4by kommun. <\/p>\n<p class=\"text\">Kommunen har inga uppgifter nu om n\u00e4r eventuell plogning av sj\u00f6n kommer ske. <\/p>\n<p class=\"text\">\u2013 M\u00e4tning och bed\u00f6mningar g\u00f6rs kontinuerligt.<\/p>\n","protected":false},"excerpt":{"rendered":"T\u00e4by Kylan har h\u00e5llit i sig i Stockholm och mycket sn\u00f6 har lagt sig p\u00e5 marken. Men sn\u00f6&hellip;\n","protected":false},"author":2,"featured_media":130583,"comment_status":"","ping_status":"","sticky":false,"template":"","format":"standard","meta":{"footnotes":""},"categories":[12],"tags":[22,23,26,27,17,21,24,25,28,29,15,16,18,34,31,33,32,30,19,20],"class_list":{"0":"post-130582","1":"post","2":"type-post","3":"status-publish","4":"format-standard","5":"has-post-thumbnail","7":"category-sverige","8":"tag-breaking-news","9":"tag-breakingnews","10":"tag-featured-news","11":"tag-featurednews","12":"tag-headlines","13":"tag-huvudnyheter","14":"tag-latest-news","15":"tag-latestnews","16":"tag-main-news","17":"tag-mainnews","18":"tag-news","19":"tag-nyheter","20":"tag-rubriker","21":"tag-se","22":"tag-svenska","23":"tag-sverige","24":"tag-sweden","25":"tag-swedish","26":"tag-top-stories","27":"tag-topstories"},"share_on_mastodon":{"url":"https:\/\/pubeurope.com\/@se\/115865093772872845","error":""},"_links":{"self":[{"href":"https:\/\/www.europesays.com\/se\/wp-json\/wp\/v2\/posts\/130582","targetHints":{"allow":["GET"]}}],"collection":[{"href":"https:\/\/www.europesays.com\/se\/wp-json\/wp\/v2\/posts"}],"about":[{"href":"https:\/\/www.europesays.com\/se\/wp-json\/wp\/v2\/types\/post"}],"author":[{"embeddable":true,"href":"https:\/\/www.europesays.com\/se\/wp-json\/wp\/v2\/users\/2"}],"replies":[{"embeddable":true,"href":"https:\/\/www.europesays.com\/se\/wp-json\/wp\/v2\/comments?post=130582"}],"version-history":[{"count":0,"href":"https:\/\/www.europesays.com\/se\/wp-json\/wp\/v2\/posts\/130582\/revisions"}],"wp:featuredmedia":[{"embeddable":true,"href":"https:\/\/www.europesays.com\/se\/wp-json\/wp\/v2\/media\/130583"}],"wp:attachment":[{"href":"https:\/\/www.europesays.com\/se\/wp-json\/wp\/v2\/media?parent=130582"}],"wp:term":[{"taxonomy":"category","embeddable":true,"href":"https:\/\/www.europesays.com\/se\/wp-json\/wp\/v2\/categories?post=130582"},{"taxonomy":"post_tag","embeddable":true,"href":"https:\/\/www.europesays.com\/se\/wp-json\/wp\/v2\/tags?post=130582"}],"curies":[{"name":"wp","href":"https:\/\/api.w.org\/{rel}","templated":true}]}}