{"id":130584,"date":"2026-01-09T12:16:10","date_gmt":"2026-01-09T12:16:10","guid":{"rendered":"https:\/\/www.europesays.com\/se\/130584\/"},"modified":"2026-01-09T12:16:10","modified_gmt":"2026-01-09T12:16:10","slug":"att-ta-kontroll-over-gronland-kan-vara-viktigare-an-nato","status":"publish","type":"post","link":"https:\/\/www.europesays.com\/se\/130584\/","title":{"rendered":"Att ta kontroll \u00f6ver Gr\u00f6nland kan vara viktigare \u00e4n Nato"},"content":{"rendered":"<p>I en <a href=\"https:\/\/www.nytimes.com\/2026\/01\/08\/us\/politics\/trump-interview-power-morality.html\" rel=\"nofollow noopener\" target=\"_blank\">intervju med New York Times<\/a> fick Donald Trump fr\u00e5gan om vad som \u00e4r viktigast f\u00f6r honom: att f\u00e5 kontroll \u00f6ver Gr\u00f6nland eller att bevara f\u00f6rsvarsalliansen Nato. Presidenten svarade inte direkt, men medgav enligt tidningen att hans administration kan beh\u00f6va v\u00e4lja mellan de b\u00e5da.<\/p>\n<p>\u2013 Det kan vara ett val, sade Trump.<\/p>\n<p>Han tillade att han vill ha \u00e4gander\u00e4tt till den arktiska \u00f6n, inte bara milit\u00e4r tillg\u00e5ng genom det befintliga f\u00f6rsvarsavtalet med Danmark fr\u00e5n 1951.<\/p>\n<p>\u2013 Det \u00e4r vad jag k\u00e4nner \u00e4r psykologiskt n\u00f6dv\u00e4ndigt f\u00f6r framg\u00e5ng. Jag tror att \u00e4gande ger dig n\u00e5got som du inte kan f\u00e5 genom ett hyresavtal eller ett f\u00f6rdrag. \u00c4gande ger dig saker och delar som du inte kan f\u00e5 genom att bara skriva under ett dokument, sade Trump.<\/p>\n<p><strong>\u00d6verv\u00e4ger kontantbetalningar till gr\u00f6nl\u00e4ndare<\/strong><br \/>Samtidigt <a href=\"https:\/\/www.reuters.com\/world\/europe\/trump-administration-mulls-payments-sway-greenlanders-join-us-2026-01-08\/\" rel=\"nofollow noopener\" target=\"_blank\">rapporterar Reuters<\/a> att tj\u00e4nstem\u00e4n i Vita huset diskuterat att betala gr\u00f6nl\u00e4ndarna kontant f\u00f6r att \u00f6vertala dem att avskilja sig fr\u00e5n Danmark och eventuellt ansluta sig till USA.<\/p>\n<p>Enligt fyra k\u00e4llor med insyn i diskussionerna har tj\u00e4nstem\u00e4n talat om belopp mellan 10 000 och 100 000 dollar per person. Vid det h\u00f6gre beloppet skulle totalkostnaden uppg\u00e5 till n\u00e4stan 6 miljarder dollar f\u00f6r \u00f6ns cirka 57 000 inv\u00e5nare.<\/p>\n<p>Exakt hur och n\u00e4r pengarna skulle betalas ut \u00e4r oklart, liksom vad gr\u00f6nl\u00e4ndarna f\u00f6rv\u00e4ntas g\u00f6ra i geng\u00e4ld. En av k\u00e4llorna uppger att diskussionerna om kontantbetalningar inte \u00e4r nya, men att de intensifierats de senaste dagarna efter USA:s milit\u00e4ra operation i Venezuela.<\/p>\n<p>En\u00a0<a href=\"https:\/\/www.theguardian.com\/world\/2026\/jan\/04\/greenland-denmark-us-venezuela-nicolas-maduro-donald-trump\" rel=\"nofollow noopener\" target=\"_blank\">opinionsunders\u00f6kning<\/a>\u00a0fr\u00e5n januari 2025 visade att 85 procent av Gr\u00f6nlands 57 000 inv\u00e5nare inte vill bli en del av USA, \u00e4ven om en majoritet \u00f6nskar sj\u00e4lvst\u00e4ndighet fr\u00e5n Danmark.<\/p>\n<p><strong>&#8221;Ta presidenten p\u00e5 allvar&#8221;<\/strong><br \/>USA:s vicepresident JD Vance varnade p\u00e5 torsdagen Europa f\u00f6r att Trump menar allvar med sina hot.<\/p>\n<p>\u2013 Mitt r\u00e5d till de europeiska stats- och regeringscheferna och alla andra skulle vara att ta USA:s president p\u00e5 allvar, sade Vance vid en presskonferens i Vita huset, <a href=\"https:\/\/www.spiegel.de\/ausland\/groenland-europaeer-sollen-trumps-groenland-plaene-ernst-nehmen-a-a93c3ead-1674-4171-a008-6bc6eb889aa1\" rel=\"nofollow noopener\" target=\"_blank\">enligt Der Spiegel<\/a>.<\/p>\n<p>Han tillade att Trump vill att Europa ska ta Gr\u00f6nlands s\u00e4kerhet mer p\u00e5 allvar, annars kommer USA att &#8221;beh\u00f6va g\u00f6ra n\u00e5got \u00e5t det&#8221;.<\/p>\n<p>Trump h\u00e4vdade i New York Times-intervjun att han inte beh\u00f6ver f\u00f6lja internationell r\u00e4tt och att endast hans egen moral begr\u00e4nsar honom.<\/p>\n<p>\u2013 Jag beh\u00f6ver inte internationell r\u00e4tt, sade Trump.<\/p>\n<p>\u2013 Det finns en sak [som begr\u00e4nsar mig]. Min egen moral. Mitt eget sinne. Det \u00e4r det enda som kan stoppa mig.<\/p>\n<p><strong>Europa intensifierar diplomatiska insatser<\/strong><br \/>Som svar p\u00e5 de eskalerande hoten har europeiska regeringar inlett en diplomatisk offensiv p\u00e5 tv\u00e5 fronter: lobbying i Washington och arbete inom Nato f\u00f6r att lugna USA:s s\u00e4kerhetsoron.<\/p>\n<p>Danmarks ambassad\u00f6r i USA, Jesper M\u00f8ller S\u00f8rensen, och Gr\u00f6nlands representant i Washington, Jacob Isbosethsen, har under veckan haft intensiva m\u00f6ten med amerikanska kongressledam\u00f6ter, <a href=\"https:\/\/www.politico.com\/news\/2026\/01\/08\/danish-representatives-capitol-hill-greenland-00717638\" rel=\"nofollow noopener\" target=\"_blank\">uppger Politico<\/a>. De f\u00f6rs\u00f6ker \u00f6vertyga s\u00e5 m\u00e5nga som m\u00f6jligt om att Gr\u00f6nland inte vill k\u00f6pas av USA och att Danmark inte har n\u00e5got intresse av en s\u00e5dan aff\u00e4r.<\/p>\n<p>Senator Roger Wicker, republikansk ordf\u00f6rande i senatens f\u00f6rsvarsutskott, sade efter ett m\u00f6te p\u00e5 torsdagen att danska och gr\u00f6nl\u00e4ndska representanter gjort det klart att det inte kommer att f\u00f6rhandlas om Gr\u00f6nlands framtid.<\/p>\n<p>\u2013 Det finns ingen vilja fr\u00e5n deras sida att f\u00f6rhandla om k\u00f6p eller \u00e4ndring av \u00e4gander\u00e4tt till deras land, som de haft s\u00e5 l\u00e4nge. Det \u00e4r deras r\u00e4ttighet, och de har gjort det mycket klart f\u00f6r oss, sade Wicker <a href=\"https:\/\/www.politico.com\/news\/2026\/01\/08\/danish-representatives-capitol-hill-greenland-00717638\" rel=\"nofollow noopener\" target=\"_blank\">enligt Politico<\/a>.<\/p>\n<p>P\u00e5 torsdagen h\u00f6ll ocks\u00e5 Natos ambassad\u00f6rer ett slutet m\u00f6te i Bryssel d\u00e4r de enades om att alliansen b\u00f6r f\u00f6rst\u00e4rka den arktiska regionen, <a href=\"https:\/\/www.politico.eu\/article\/europe-greenland-crisis-nato-allies-us-president-france-russia\" rel=\"nofollow noopener\" target=\"_blank\">uppger Politico<\/a>. Enligt tre Nato-diplomater diskuterades flera alternativ, d\u00e4ribland ut\u00f6kade underr\u00e4ttelsekapaciteter f\u00f6r att b\u00e4ttre \u00f6vervaka territoriet, \u00f6kade f\u00f6rsvarsutgifter till Arktis, f\u00f6rflyttning av mer milit\u00e4r utrustning till regionen och fler milit\u00e4r\u00f6vningar i omr\u00e5det.<\/p>\n<p><strong>EU kallar hoten &#8221;extremt oroande&#8221;<\/strong><br \/>EU:s utrikeschef Kaja Kallas kallade p\u00e5 torsdagen USA:s hot mot Gr\u00f6nland f\u00f6r &#8221;extremt oroande&#8221; och uppgav att europeiska l\u00e4nder diskuterar hur Europa skulle kunna svara om hoten \u00e4r verkliga.<\/p>\n<p>\u2013 Vi m\u00e5ste h\u00e5lla fast vid internationell r\u00e4tt. Det \u00e4r det enda som skyddar mindre l\u00e4nder, sade Kallas vid en presskonferens i Egypten, <a href=\"https:\/\/www.euractiv.com\/news\/europe-discusses-us-threat-to-greenland-kallas-says\/\" rel=\"nofollow noopener\" target=\"_blank\">enligt Euractiv<\/a>.<\/p>\n<p>Frankrikes president Emmanuel Macron sade i sitt \u00e5rliga utrikespolitiska tal p\u00e5 torsdagen att USA &#8221;gradvis v\u00e4nder sig bort fr\u00e5n n\u00e5gra av sina allierade och frig\u00f6r sig fr\u00e5n de internationella regler som landet tidigare fr\u00e4mjade&#8221;.<\/p>\n<p>\u00c5tta europeiska ledare, d\u00e4ribland Tysklands f\u00f6rbundskansler Friedrich Merz, <a href=\"https:\/\/www.europaportalen.se\/notis\/2026\/01\/stora-natolander-sluter-upp-bakom-danmark-universella-principer\" rel=\"nofollow noopener\" target=\"_blank\">undertecknade<\/a> p\u00e5 tisdagen en gemensam f\u00f6rklaring till st\u00f6d f\u00f6r Danmark. I f\u00f6rklaringen betonades att endast gr\u00f6nl\u00e4ndarna sj\u00e4lva och Danmark kan besluta om Gr\u00f6nlands framtid.<\/p>\n<p>Danmarks statsminister Mette Frederiksen <a href=\"https:\/\/www.europaportalen.se\/2026\/01\/danmark-rasar-efter-trumps-gronlandskrav-far-europeiskt-stod\" rel=\"nofollow noopener\" target=\"_blank\">varnade<\/a> i s\u00f6ndags att en amerikansk invasion av Gr\u00f6nland skulle inneb\u00e4ra slutet f\u00f6r Nato.<\/p>\n<p>\u2013 Om USA v\u00e4ljer att milit\u00e4rt attackera ett annat Nato-land, d\u00e5 upph\u00f6r allt, inklusive Nato och d\u00e4rmed den trygghet som etablerats sedan andra v\u00e4rldskrigets slut, sade Frederiksen.<\/p>\n","protected":false},"excerpt":{"rendered":"I en intervju med New York Times fick Donald Trump fr\u00e5gan om vad som \u00e4r viktigast f\u00f6r honom:&hellip;\n","protected":false},"author":2,"featured_media":130585,"comment_status":"","ping_status":"","sticky":false,"template":"","format":"standard","meta":{"footnotes":""},"categories":[5],"tags":[22,23,26,27,17,21,24,25,28,29,15,16,18,34,31,33,32,30,19,20],"class_list":{"0":"post-130584","1":"post","2":"type-post","3":"status-publish","4":"format-standard","5":"has-post-thumbnail","7":"category-rubriker","8":"tag-breaking-news","9":"tag-breakingnews","10":"tag-featured-news","11":"tag-featurednews","12":"tag-headlines","13":"tag-huvudnyheter","14":"tag-latest-news","15":"tag-latestnews","16":"tag-main-news","17":"tag-mainnews","18":"tag-news","19":"tag-nyheter","20":"tag-rubriker","21":"tag-se","22":"tag-svenska","23":"tag-sverige","24":"tag-sweden","25":"tag-swedish","26":"tag-top-stories","27":"tag-topstories"},"share_on_mastodon":{"url":"https:\/\/pubeurope.com\/@se\/115865097496850749","error":""},"_links":{"self":[{"href":"https:\/\/www.europesays.com\/se\/wp-json\/wp\/v2\/posts\/130584","targetHints":{"allow":["GET"]}}],"collection":[{"href":"https:\/\/www.europesays.com\/se\/wp-json\/wp\/v2\/posts"}],"about":[{"href":"https:\/\/www.europesays.com\/se\/wp-json\/wp\/v2\/types\/post"}],"author":[{"embeddable":true,"href":"https:\/\/www.europesays.com\/se\/wp-json\/wp\/v2\/users\/2"}],"replies":[{"embeddable":true,"href":"https:\/\/www.europesays.com\/se\/wp-json\/wp\/v2\/comments?post=130584"}],"version-history":[{"count":0,"href":"https:\/\/www.europesays.com\/se\/wp-json\/wp\/v2\/posts\/130584\/revisions"}],"wp:featuredmedia":[{"embeddable":true,"href":"https:\/\/www.europesays.com\/se\/wp-json\/wp\/v2\/media\/130585"}],"wp:attachment":[{"href":"https:\/\/www.europesays.com\/se\/wp-json\/wp\/v2\/media?parent=130584"}],"wp:term":[{"taxonomy":"category","embeddable":true,"href":"https:\/\/www.europesays.com\/se\/wp-json\/wp\/v2\/categories?post=130584"},{"taxonomy":"post_tag","embeddable":true,"href":"https:\/\/www.europesays.com\/se\/wp-json\/wp\/v2\/tags?post=130584"}],"curies":[{"name":"wp","href":"https:\/\/api.w.org\/{rel}","templated":true}]}}