{"id":130590,"date":"2026-01-09T12:23:22","date_gmt":"2026-01-09T12:23:22","guid":{"rendered":"https:\/\/www.europesays.com\/se\/130590\/"},"modified":"2026-01-09T12:23:22","modified_gmt":"2026-01-09T12:23:22","slug":"bilist-korde-in-i-mittracket-pa-e22-soder-om-soderkoping-nt","status":"publish","type":"post","link":"https:\/\/www.europesays.com\/se\/130590\/","title":{"rendered":"Bilist k\u00f6rde in i mittr\u00e4cket p\u00e5 E22 s\u00f6der om S\u00f6derk\u00f6ping &#8211; NT"},"content":{"rendered":"<ol>\n<li><a href=\"https:\/\/news.google.com\/rss\/articles\/CBMimwFBVV95cUxQd2VIUFRqeHNpclFwTmtkLXM3SUFWa1d0dDVINzd4eHpSeHJWeTBscjEzVDVsVW5wbkZabUoxdFBkR2JyRlhfNXRab3Byd2FrRlI5Y1RFMzh0Y05LbTlnc0JPaWVqaDFTNExHYnJLakh5WTNHdW13WmVDUHRkZWoyODJfdmJMWDZHS2RKb0FwOXUyeE5mRGY2R19pWQ?oc=5\" target=\"_blank\" rel=\"nofollow noopener\">Bilist k\u00f6rde in i mittr\u00e4cket p\u00e5 E22 s\u00f6der om S\u00f6derk\u00f6ping<\/a>&nbsp;&nbsp;NT<\/li>\n<li><a href=\"https:\/\/news.google.com\/rss\/articles\/CBMihAFBVV95cUxPdFhzYnF6MEZWOGg4ckdSOU5obXpOclkzTlNRVE1VRXozdzM3VWxrOFM4WTBTSzlWMUFrSGtDYzdRU2xRWl9Nb18zbXhHb0oxcnBjQWdBNXVHNmZ2eDZDNDl0cl93MEg2cndEdTlFOEFSSkxDckR0RThBaVJYaFRVbUdQcFc?oc=5\" target=\"_blank\" rel=\"nofollow noopener\">OLYCKA P\u00c5 E22: Bil kolliderade med vajerr\u00e4cket<\/a>&nbsp;&nbsp;Oskarshamns-Nytt<\/li>\n<li><a href=\"https:\/\/news.google.com\/rss\/articles\/CBMirwFBVV95cUxOZkhtUmRJZlotTW40VDlpQ2k2V2t6YTR4MmNPb056R0ZKaFk0WEZWeDMyWm1rZVBJMDZrZEFOLU1DWmVLenNjY3dWNV9qb242VC05MkxuMnI2ekxUWEhIbDB1R2lYNlZrcnRMMGZxVTV2Ym95RV94RkpxWWN0b0RIT3R0dngtT0FhNDVTbUxybWtGaUtSZmYyS0lVTHVLOHZkbzN4WGhCQ2EzeTRuMFI4?oc=5\" target=\"_blank\" rel=\"nofollow noopener\">Personbil st\u00e5ende p\u00e5 E22.<\/a>&nbsp;&nbsp;Brottsplatskartan.se<\/li>\n<li><a href=\"https:\/\/news.google.com\/rss\/articles\/CBMiwAFBVV95cUxOOE9vZXd6QmI4a3prN2hVM2d6NUNncjNEeXQyQTlSY3ZLZnp4UFhoUGl0SDhhbEFLdlFLVThuN1FHVzlETi1TLVppMGI5b0JWRHRaS042cnltOFY3R2tfN21ZRjVoMko5NUxidGJVWU1qV0tvejhWdzU2Z3AwRFVvRzB4U1FObWROVGFBVDR4NlNyV2RwUVZzWTE0dWFJMDJ1VEZBbEhWUFhrdHNLUXFHODdqUVJkSDh6ZldCVnpXYzg?oc=5\" target=\"_blank\" rel=\"nofollow noopener\">Stillast\u00e5ende bil orsakade stopp p\u00e5 E22 \u2013 nu rullar trafiken igen<\/a>&nbsp;&nbsp;V\u00e4sterviks-Tidningen<\/li>\n<li><a href=\"https:\/\/news.google.com\/rss\/articles\/CBMirAFBVV95cUxONmItblJEa1Q2S1ZYYnBXSWpmQVc2LWNNdjZuNUtJN0kxRGZqemo2UnBmaThWUXlBRHJ1QnlWa1QwanNyTFlacmxNc2RNdkl4LTkyUGt1QTViYVc3RU00TDExdDF3b1ZEeTBsbDVrTGh3QVgtejhtWDhubnBIcHB6OGlYcnNRUnFmMUhGQ01DblNWV3JaSUh4VldFX1FhYUZXVzRoVjBidlRqN0s4?oc=5\" target=\"_blank\" rel=\"nofollow noopener\">Havererad personbil skapar trafikst\u00f6rning p\u00e5 E22<\/a>&nbsp;&nbsp;V\u00e4sterviks-Tidningen<\/li>\n<\/ol>\n","protected":false},"excerpt":{"rendered":"Bilist k\u00f6rde in i mittr\u00e4cket p\u00e5 E22 s\u00f6der om S\u00f6derk\u00f6ping&nbsp;&nbsp;NT OLYCKA P\u00c5 E22: Bil kolliderade med vajerr\u00e4cket&nbsp;&nbsp;Oskarshamns-Nytt Personbil&hellip;\n","protected":false},"author":2,"featured_media":130591,"comment_status":"","ping_status":"","sticky":false,"template":"","format":"standard","meta":{"footnotes":""},"categories":[12],"tags":[22,23,26,27,17,21,24,25,28,29,15,16,18,34,31,33,32,30,19,20],"class_list":{"0":"post-130590","1":"post","2":"type-post","3":"status-publish","4":"format-standard","5":"has-post-thumbnail","7":"category-sverige","8":"tag-breaking-news","9":"tag-breakingnews","10":"tag-featured-news","11":"tag-featurednews","12":"tag-headlines","13":"tag-huvudnyheter","14":"tag-latest-news","15":"tag-latestnews","16":"tag-main-news","17":"tag-mainnews","18":"tag-news","19":"tag-nyheter","20":"tag-rubriker","21":"tag-se","22":"tag-svenska","23":"tag-sverige","24":"tag-sweden","25":"tag-swedish","26":"tag-top-stories","27":"tag-topstories"},"share_on_mastodon":{"url":"https:\/\/pubeurope.com\/@se\/115865125181980006","error":""},"_links":{"self":[{"href":"https:\/\/www.europesays.com\/se\/wp-json\/wp\/v2\/posts\/130590","targetHints":{"allow":["GET"]}}],"collection":[{"href":"https:\/\/www.europesays.com\/se\/wp-json\/wp\/v2\/posts"}],"about":[{"href":"https:\/\/www.europesays.com\/se\/wp-json\/wp\/v2\/types\/post"}],"author":[{"embeddable":true,"href":"https:\/\/www.europesays.com\/se\/wp-json\/wp\/v2\/users\/2"}],"replies":[{"embeddable":true,"href":"https:\/\/www.europesays.com\/se\/wp-json\/wp\/v2\/comments?post=130590"}],"version-history":[{"count":0,"href":"https:\/\/www.europesays.com\/se\/wp-json\/wp\/v2\/posts\/130590\/revisions"}],"wp:featuredmedia":[{"embeddable":true,"href":"https:\/\/www.europesays.com\/se\/wp-json\/wp\/v2\/media\/130591"}],"wp:attachment":[{"href":"https:\/\/www.europesays.com\/se\/wp-json\/wp\/v2\/media?parent=130590"}],"wp:term":[{"taxonomy":"category","embeddable":true,"href":"https:\/\/www.europesays.com\/se\/wp-json\/wp\/v2\/categories?post=130590"},{"taxonomy":"post_tag","embeddable":true,"href":"https:\/\/www.europesays.com\/se\/wp-json\/wp\/v2\/tags?post=130590"}],"curies":[{"name":"wp","href":"https:\/\/api.w.org\/{rel}","templated":true}]}}