{"id":130606,"date":"2026-01-09T12:37:10","date_gmt":"2026-01-09T12:37:10","guid":{"rendered":"https:\/\/www.europesays.com\/se\/130606\/"},"modified":"2026-01-09T12:37:10","modified_gmt":"2026-01-09T12:37:10","slug":"norska-inflationshuvudvarken-fortsatter-tidningen-naringslivet","status":"publish","type":"post","link":"https:\/\/www.europesays.com\/se\/130606\/","title":{"rendered":"Norska inflationshuvudv\u00e4rken forts\u00e4tter | Tidningen N\u00e4ringslivet"},"content":{"rendered":"<p>\t\t\t\t\t<a href=\"https:\/\/www.tn.se\/nordens-ekonomier\/\" rel=\"nofollow noopener\" target=\"_blank\"><br \/>\n\t\t\t\tNORDENS EKONOMIER<br \/>\n\t\t\t<\/a><\/p>\n<p>\t\t\t\t<img decoding=\"async\" class=\"figure-img img-fluid\"  src=\"https:\/\/www.europesays.com\/se\/wp-content\/uploads\/2026\/01\/1767962230_481_bilder.tn.se.jpeg\" alt=\"\" itemprop=\"image\"\/><\/p>\n<p>\t\t\t\t\t\t\t\t\tInflationen steg i Norge. Arkivbild.<br \/>\n\t\t\t\t\t\t\t\t\t\t\t\t\tBild:<br \/>\n\t\t\t\t\tGorm Kallestad\/NTB<\/p>\n<p class=\"ew-preamble\" itemprop=\"description\">Den norska inflationen steg ov\u00e4ntat mycket i december och landade p\u00e5 3,2 procent, visar nya siffror.<\/p>\n<p>\n\t\tPublicerad:<br \/>\n\t\t9 jan 2026, 13:00\n\t<\/p>\n<p class=\"ew-body\">V\u00e4ntat var att inflationen skulle bromsa in till 2,9 procent i \u00e5rstakt efter novembers niv\u00e5 p\u00e5 3 procent. Landets k\u00e4rninflation landade p\u00e5 3,1 procent vilket fortsatt \u00e4r klart \u00f6ver Norges Banks m\u00e5l p\u00e5 en inflation om 2 procent.<\/p>\n<p class=\"ew-body\">Centralbanken har l\u00e4mnat styrr\u00e4ntan of\u00f6r\u00e4ndrad p\u00e5 4 procent sedan september.<\/p>\n<p class=\"ew-body\">Det var framf\u00f6r allt priserna p\u00e5 mat, transport och energi som drog upp prisniv\u00e5n i Norge under 2025. Prisutvecklingen f\u00f6r mat och energi d\u00e4mpades d\u00e4remot i slutet av \u00e5ret.<\/p>\n<p>\n\t\tPublicerad:<br \/>\n\t\t9 jan 2026, 13:00\n\t<\/p>\n","protected":false},"excerpt":{"rendered":"NORDENS EKONOMIER Inflationen steg i Norge. Arkivbild. Bild: Gorm Kallestad\/NTB Den norska inflationen steg ov\u00e4ntat mycket i december&hellip;\n","protected":false},"author":2,"featured_media":130607,"comment_status":"","ping_status":"","sticky":false,"template":"","format":"standard","meta":{"footnotes":""},"categories":[65],"tags":[72,70,71,34,31,33,32,30],"class_list":{"0":"post-130606","1":"post","2":"type-post","3":"status-publish","4":"format-standard","5":"has-post-thumbnail","7":"category-ekonomi","8":"tag-business","9":"tag-economy","10":"tag-ekonomi","11":"tag-se","12":"tag-svenska","13":"tag-sverige","14":"tag-sweden","15":"tag-swedish"},"share_on_mastodon":{"url":"https:\/\/pubeurope.com\/@se\/115865180258165716","error":""},"_links":{"self":[{"href":"https:\/\/www.europesays.com\/se\/wp-json\/wp\/v2\/posts\/130606","targetHints":{"allow":["GET"]}}],"collection":[{"href":"https:\/\/www.europesays.com\/se\/wp-json\/wp\/v2\/posts"}],"about":[{"href":"https:\/\/www.europesays.com\/se\/wp-json\/wp\/v2\/types\/post"}],"author":[{"embeddable":true,"href":"https:\/\/www.europesays.com\/se\/wp-json\/wp\/v2\/users\/2"}],"replies":[{"embeddable":true,"href":"https:\/\/www.europesays.com\/se\/wp-json\/wp\/v2\/comments?post=130606"}],"version-history":[{"count":0,"href":"https:\/\/www.europesays.com\/se\/wp-json\/wp\/v2\/posts\/130606\/revisions"}],"wp:featuredmedia":[{"embeddable":true,"href":"https:\/\/www.europesays.com\/se\/wp-json\/wp\/v2\/media\/130607"}],"wp:attachment":[{"href":"https:\/\/www.europesays.com\/se\/wp-json\/wp\/v2\/media?parent=130606"}],"wp:term":[{"taxonomy":"category","embeddable":true,"href":"https:\/\/www.europesays.com\/se\/wp-json\/wp\/v2\/categories?post=130606"},{"taxonomy":"post_tag","embeddable":true,"href":"https:\/\/www.europesays.com\/se\/wp-json\/wp\/v2\/tags?post=130606"}],"curies":[{"name":"wp","href":"https:\/\/api.w.org\/{rel}","templated":true}]}}