{"id":130608,"date":"2026-01-09T12:39:22","date_gmt":"2026-01-09T12:39:22","guid":{"rendered":"https:\/\/www.europesays.com\/se\/130608\/"},"modified":"2026-01-09T12:39:22","modified_gmt":"2026-01-09T12:39:22","slug":"sofia-bothorp-talar-ut-om-uppsagningen-skrek-i-telefonen","status":"publish","type":"post","link":"https:\/\/www.europesays.com\/se\/130608\/","title":{"rendered":"Sofia Bothorp talar ut om upps\u00e4gningen: \u201dSkrek i telefonen\u201d"},"content":{"rendered":"<p>Att Sofia Bothorp pl\u00f6tsligt fick sluta var, enligt henne, p\u00e5 grund av n\u00e4mndsordf\u00f6randen Carl-G\u00f6ran Svensson (M). <\/p>\n<p>\u2013 Han har varit of\u00f6rsk\u00e4md. Vid n\u00e5got tillf\u00e4lle ringde han upp mig och skrek \u00e5t mig, och anklagade mig f\u00f6r saker som var helt absurda, om att jag skulle ha flyttat p\u00e5 papper och att jag hade en annan agenda, s\u00e4ger Sofia Bothorp.<\/p>\n<p>Bothorp: \u201dFler har drabbats\u201d<\/p>\n<p>Nu anklagar hon Svensson f\u00f6r ministerstyre, och s\u00e4ger att flera tj\u00e4nstem\u00e4n p\u00e5 f\u00f6rvaltningen uttryckt att de utsatts f\u00f6r otillb\u00f6rlig p\u00e5verkan.<\/p>\n<p>\u2013 Man har velat \u00e4ndra i tj\u00e4nstemannayttranden och i vissa fall stoppat dem fr\u00e5n att ens skickas in n\u00e4r de g\u00e5tt emot den politiska viljan. P\u00e5 en enk\u00e4t bland tj\u00e4nstem\u00e4nnen var det flera som sa att de drabbats.<\/p>\n<p>Men Carl-G\u00f6ran Svensson (M) tillbakavisar anklagelserna om otillb\u00f6rlig p\u00e5verkan mot tj\u00e4nstepersoner, eller att han skulle ha skrikit \u00e5t henne i telefon.<\/p>\n<p>\u2013 Den beskrivning du har h\u00e4r k\u00e4nner inte jag igen. Det har varit normala samtalstoner.<\/p>\n<p>Bothorp s\u00e4ger att hon sj\u00e4lv inte f\u00e5tt n\u00e5gon tydlig f\u00f6rklaring till det hastiga avskedet, men tror att det slutligen berodde p\u00e5 att hon lyfte fr\u00e5gan om den otillb\u00f6rliga p\u00e5verkan.<\/p>\n<p>\u2013 Om man kan g\u00f6ra s\u00e5h\u00e4r mot en tillsvidareanst\u00e4lld mellanchef, d\u00e5 skickar det signalen att alla kan drabbas. De som var ovanf\u00f6r mig \u00e4r betydligt mer l\u00f6st sittande, s\u00e4ger hon.<\/p>\n<p>Tillbakavisar anklagelserna<\/p>\n<p>Sofia Bothorp var milj\u00f6partistiskt kommunalr\u00e5d i Karlskrona fram till 2014. I h\u00f6stas tilltr\u00e4dde hon \u00e5terigen som spr\u00e5kr\u00f6r f\u00f6r partiet i kommunen. <\/p>\n<p>\u2013 Tidigare har jag engagerat mig f\u00f6r naturen, men nu \u00e4r det f\u00f6r demokratin. Vi ser p\u00e5 flera h\u00e5ll att man rensar bort tj\u00e4nstepersoner som inte f\u00f6ljer partilinjen. Det \u00e4r j\u00e4tteallvarligt, f\u00f6r d\u00e5 g\u00e5r det inte l\u00e4ngre att lita p\u00e5 underlagen som tj\u00e4nstem\u00e4nnen levererar.<\/p>\n<p>Carl-G\u00f6ran Svensson (M) tillbakavisar anklagelserna, och menar att han inte utsatt n\u00e5gon tj\u00e4nsteperson f\u00f6r otillb\u00f6rlig p\u00e5verkan.<\/p>\n","protected":false},"excerpt":{"rendered":"Att Sofia Bothorp pl\u00f6tsligt fick sluta var, enligt henne, p\u00e5 grund av n\u00e4mndsordf\u00f6randen Carl-G\u00f6ran Svensson (M). \u2013 Han&hellip;\n","protected":false},"author":2,"featured_media":130609,"comment_status":"","ping_status":"","sticky":false,"template":"","format":"standard","meta":{"footnotes":""},"categories":[12],"tags":[22,23,26,27,17,21,24,25,28,29,15,16,18,34,31,33,32,30,19,20],"class_list":{"0":"post-130608","1":"post","2":"type-post","3":"status-publish","4":"format-standard","5":"has-post-thumbnail","7":"category-sverige","8":"tag-breaking-news","9":"tag-breakingnews","10":"tag-featured-news","11":"tag-featurednews","12":"tag-headlines","13":"tag-huvudnyheter","14":"tag-latest-news","15":"tag-latestnews","16":"tag-main-news","17":"tag-mainnews","18":"tag-news","19":"tag-nyheter","20":"tag-rubriker","21":"tag-se","22":"tag-svenska","23":"tag-sverige","24":"tag-sweden","25":"tag-swedish","26":"tag-top-stories","27":"tag-topstories"},"share_on_mastodon":{"url":"https:\/\/pubeurope.com\/@se\/115865188208406454","error":""},"_links":{"self":[{"href":"https:\/\/www.europesays.com\/se\/wp-json\/wp\/v2\/posts\/130608","targetHints":{"allow":["GET"]}}],"collection":[{"href":"https:\/\/www.europesays.com\/se\/wp-json\/wp\/v2\/posts"}],"about":[{"href":"https:\/\/www.europesays.com\/se\/wp-json\/wp\/v2\/types\/post"}],"author":[{"embeddable":true,"href":"https:\/\/www.europesays.com\/se\/wp-json\/wp\/v2\/users\/2"}],"replies":[{"embeddable":true,"href":"https:\/\/www.europesays.com\/se\/wp-json\/wp\/v2\/comments?post=130608"}],"version-history":[{"count":0,"href":"https:\/\/www.europesays.com\/se\/wp-json\/wp\/v2\/posts\/130608\/revisions"}],"wp:featuredmedia":[{"embeddable":true,"href":"https:\/\/www.europesays.com\/se\/wp-json\/wp\/v2\/media\/130609"}],"wp:attachment":[{"href":"https:\/\/www.europesays.com\/se\/wp-json\/wp\/v2\/media?parent=130608"}],"wp:term":[{"taxonomy":"category","embeddable":true,"href":"https:\/\/www.europesays.com\/se\/wp-json\/wp\/v2\/categories?post=130608"},{"taxonomy":"post_tag","embeddable":true,"href":"https:\/\/www.europesays.com\/se\/wp-json\/wp\/v2\/tags?post=130608"}],"curies":[{"name":"wp","href":"https:\/\/api.w.org\/{rel}","templated":true}]}}