{"id":130610,"date":"2026-01-09T12:40:09","date_gmt":"2026-01-09T12:40:09","guid":{"rendered":"https:\/\/www.europesays.com\/se\/130610\/"},"modified":"2026-01-09T12:40:09","modified_gmt":"2026-01-09T12:40:09","slug":"vikt-och-halsoproblem-tillbaka-tva-ar-efter-obesitasmedicin-svensk-farmaci","status":"publish","type":"post","link":"https:\/\/www.europesays.com\/se\/130610\/","title":{"rendered":"Vikt och h\u00e4lsoproblem tillbaka tv\u00e5 \u00e5r efter obesitas\u00admedicin \u2013 Svensk Farmaci"},"content":{"rendered":"<p>\t\t\t\t<img alt=\"\" class=\"MediaWrapper-content BodyImage-imageObject\" src=\"https:\/\/www.europesays.com\/se\/wp-content\/uploads\/2026\/01\/remove-4618185-1280.jpg\" data-lazy-load-target=\"content\" width=\"1060\" height=\"706\" loading=\"eager\" decoding=\"async\" fetchpriority=\"high\"\/><\/p>\n<p>\n\t\t\t\t\tPatienterna gick i genomsnitt upp 0,4 kilo per m\u00e5nad efter att ha slutat med l\u00e4kemedlen och var tillbaka p\u00e5 sin vikt f\u00f6re behandling efter i genomsnitt 1,7 \u00e5r.<br \/>\n\t\t\t\t\t\t\tFoto: Pixabay\n\t\t\t\t\t\t\t\t\t<\/p>\n<p><strong>N\u00e4r patienter slutar ta obesitas<\/strong><strong>mediciner<\/strong> f\u00f6rsvinner de positiva effekterna av l\u00e4kemedlen p\u00e5 vikt och andra h\u00e4lsoproblem inom tv\u00e5 \u00e5r, visar en stor analys av tidigare forskning som nyhetsbyr\u00e5n <a href=\"https:\/\/www.reuters.com\/business\/healthcare-pharmaceuticals\/less-than-two-years-after-stopping-obesity-drugs-weight-health-issues-return-2026-01-07\/\" data-type=\"link\" data-id=\"https:\/\/www.reuters.com\/business\/healthcare-pharmaceuticals\/less-than-two-years-after-stopping-obesity-drugs-weight-health-issues-return-2026-01-07\/\" rel=\"nofollow noopener\" target=\"_blank\">Reuters<\/a> tagit del av.<\/p>\n<p>I analysen som \u00e4r gjord av forskare vid Oxfords universitet i Storbritannien, och \u00e4r publicerad i <a href=\"https:\/\/www.bmj.com\/content\/392\/bmj-2025-085304\" rel=\"nofollow noopener\" target=\"_blank\">British medical journal<\/a>, har man lagt samman resultaten fr\u00e5n 37 studier med sammanlagt 9 341 personer med \u00f6vervikt eller fetma som behandlats med 18 olika viktminskningsl\u00e4kemedel.<\/p>\n<p><strong>Ungef\u00e4r h\u00e4lften av patienterna<\/strong> hade tagit GLP-1-l\u00e4kemedel, inklusive 1 776 personer som fick de nyare l\u00e4kemedlen semaglutid, som s\u00e4ljs som Ozempic och Wegovy av Novo Nordisk, och tirzepatid som s\u00e4ljs som Mounjaro av Eli Lilly.<\/p>\n<p>Resultaten av analysen var att patienterna i genomsnitt gick upp 0,4 kilo per m\u00e5nad efter att ha slutat med l\u00e4kemedlen och ber\u00e4knades vara tillbaka p\u00e5 sin vikt f\u00f6re behandling efter i genomsnitt 1,7 \u00e5r.<\/p>\n<p><strong>Vikt\u00e5terh\u00e4mtningen var snabbare<\/strong> f\u00f6r de personer som behandlats med semaglutid och tirzepatid, i genomsnitt 0,8 kilo per m\u00e5nad. De var tillbaka p\u00e5 sin vikt f\u00f6re behandling efter i genomsnitt 1,5 \u00e5r.<\/p>\n<p>\u2014 Men eftersom personer som behandlas med semaglutid eller tirzepatid g\u00e5r ned mer i vikt fr\u00e5n b\u00f6rjan, \u00e5terg\u00e5r de alla till utg\u00e5ngsvikten ungef\u00e4r samtidigt, s\u00e4ger studiens seniora forskare Dimitrios Koutoukidis vid Oxfords universitet till Reuters.<\/p>\n<p>N\u00e4r patienterna gick ned i vikt under behandlingen minskade deras riskfaktorer f\u00f6r hj\u00e4rt-k\u00e4rlsjukdom, som h\u00f6gt blodtryck och h\u00f6ga kolesterolniv\u00e5er. Men dessa f\u00f6rb\u00e4ttringar f\u00f6rsvann inom 1,4 \u00e5r efter att de slutat ta medicinerna.<\/p>\n<p><strong>Oavsett hur mycket vikt <\/strong>som gick f\u00f6rlorad var den m\u00e5natliga vikt\u00e5terh\u00e4mtning snabbare efter viktminskningsl\u00e4kemedel \u00e4n efter beteendem\u00e4ssiga vikthanteringsprogram.<\/p>\n<p>Studien kunde inte visa om vissa patienter var mer ben\u00e4gna \u00e4n andra att h\u00e5lla vikten.<\/p>\n<p>\u2014 Att f\u00f6rst\u00e5 vem som g\u00f6r bra ifr\u00e5n sig och vem som inte g\u00f6r det \u00e4r lite av en \u201dhelig graal\u201d inom viktminskningsforskning, ingen har svaret p\u00e5 det \u00e4nnu, s\u00e4ger Dimitrios Koutoukidis.<\/p>\n<p><strong>L\u00e4s mer &gt;&gt;<\/strong> <a href=\"https:\/\/www.svenskfarmaci.se\/2025\/12\/23\/novo-nordisk-forst-med-piller-for-viktminskning-i-usa\/\" data-type=\"link\" data-id=\"https:\/\/www.svenskfarmaci.se\/2025\/12\/23\/novo-nordisk-forst-med-piller-for-viktminskning-i-usa\/\" rel=\"nofollow noopener\" target=\"_blank\">Novo Nordisk f\u00f6rst med piller f\u00f6r viktminskning i USA<\/a><\/p>\n<p><a href=\"https:\/\/www.svenskfarmaci.se\/2025\/12\/06\/beslut-om-wegovy-skjuts-upp-vi-siktar-pa-ett-beslut-i-januari\/\" rel=\"nofollow noopener\" target=\"_blank\">Beslut om Wegovy skjuts upp: \u201dVi siktar p\u00e5 ett beslut i januari\u201d<\/a><\/p>\n<p><a href=\"https:\/\/www.svenskfarmaci.se\/2025\/10\/24\/systemfel-att-planboken-ska-styra-tillgangen-till-lakemedel\/\" rel=\"nofollow noopener\" target=\"_blank\">\u201dSystemfel att pl\u00e5nboken ska styra tillg\u00e5ngen till l\u00e4kemedel\u201d<\/a><\/p>\n<p><a href=\"https:\/\/www.svenskfarmaci.se\/2025\/12\/04\/bantningslakemedlet-mounjaro-ar-nu-sveriges-mest-salda-lakemedel\/\" rel=\"nofollow noopener\" target=\"_blank\">Bantnings\u00adl\u00e4kemedlet Mounjaro \u00e4r nu Sveriges mest s\u00e5lda l\u00e4kemedel<\/a><\/p>\n<p><a href=\"https:\/\/www.svenskfarmaci.se\/2025\/10\/17\/okning-av-lakemedel-mot-obesitas-vacker-oro-for-kostnader\/\" rel=\"nofollow noopener\" target=\"_blank\">\u00d6kning av l\u00e4kemedel mot obesitas v\u00e4cker oro f\u00f6r kostnader<\/a><\/p>\n","protected":false},"excerpt":{"rendered":"Patienterna gick i genomsnitt upp 0,4 kilo per m\u00e5nad efter att ha slutat med l\u00e4kemedlen och var tillbaka&hellip;\n","protected":false},"author":2,"featured_media":130611,"comment_status":"","ping_status":"","sticky":false,"template":"","format":"standard","meta":{"footnotes":""},"categories":[5],"tags":[22,23,26,27,17,21,24,25,28,29,15,16,18,34,31,33,32,30,19,20],"class_list":{"0":"post-130610","1":"post","2":"type-post","3":"status-publish","4":"format-standard","5":"has-post-thumbnail","7":"category-rubriker","8":"tag-breaking-news","9":"tag-breakingnews","10":"tag-featured-news","11":"tag-featurednews","12":"tag-headlines","13":"tag-huvudnyheter","14":"tag-latest-news","15":"tag-latestnews","16":"tag-main-news","17":"tag-mainnews","18":"tag-news","19":"tag-nyheter","20":"tag-rubriker","21":"tag-se","22":"tag-svenska","23":"tag-sverige","24":"tag-sweden","25":"tag-swedish","26":"tag-top-stories","27":"tag-topstories"},"share_on_mastodon":{"url":"https:\/\/pubeurope.com\/@se\/115865191885342362","error":""},"_links":{"self":[{"href":"https:\/\/www.europesays.com\/se\/wp-json\/wp\/v2\/posts\/130610","targetHints":{"allow":["GET"]}}],"collection":[{"href":"https:\/\/www.europesays.com\/se\/wp-json\/wp\/v2\/posts"}],"about":[{"href":"https:\/\/www.europesays.com\/se\/wp-json\/wp\/v2\/types\/post"}],"author":[{"embeddable":true,"href":"https:\/\/www.europesays.com\/se\/wp-json\/wp\/v2\/users\/2"}],"replies":[{"embeddable":true,"href":"https:\/\/www.europesays.com\/se\/wp-json\/wp\/v2\/comments?post=130610"}],"version-history":[{"count":0,"href":"https:\/\/www.europesays.com\/se\/wp-json\/wp\/v2\/posts\/130610\/revisions"}],"wp:featuredmedia":[{"embeddable":true,"href":"https:\/\/www.europesays.com\/se\/wp-json\/wp\/v2\/media\/130611"}],"wp:attachment":[{"href":"https:\/\/www.europesays.com\/se\/wp-json\/wp\/v2\/media?parent=130610"}],"wp:term":[{"taxonomy":"category","embeddable":true,"href":"https:\/\/www.europesays.com\/se\/wp-json\/wp\/v2\/categories?post=130610"},{"taxonomy":"post_tag","embeddable":true,"href":"https:\/\/www.europesays.com\/se\/wp-json\/wp\/v2\/tags?post=130610"}],"curies":[{"name":"wp","href":"https:\/\/api.w.org\/{rel}","templated":true}]}}