{"id":130615,"date":"2026-01-09T12:45:07","date_gmt":"2026-01-09T12:45:07","guid":{"rendered":"https:\/\/www.europesays.com\/se\/130615\/"},"modified":"2026-01-09T12:45:07","modified_gmt":"2026-01-09T12:45:07","slug":"danska-skonhetssmallen-smittar-av-sig-i-sverige","status":"publish","type":"post","link":"https:\/\/www.europesays.com\/se\/130615\/","title":{"rendered":"Danska sk\u00f6nhetssm\u00e4llen \u2013 smittar av sig i Sverige"},"content":{"rendered":"<p class=\"\">I en marknadsuppdatering som sl\u00e4pptes p\u00e5 fredagsmorgonen skriver <a class=\"null text-blue-link underline\" href=\"https:\/\/efn.se\/bors\/instrument\/17665\/matas\/oversikt\" rel=\"nofollow noopener\" target=\"_blank\">Matas<\/a>, som \u00e4r noterat p\u00e5 K\u00f6penhamnsb\u00f6rsen, att bolaget n\u00e5dde en rekordf\u00f6rs\u00e4ljning i det tredje kvartalet. Plumpen i protokollet stod sk\u00f6nhetskedjan Kicks f\u00f6r, som f\u00f6rv\u00e4rvades 2023.<\/p>\n<p class=\"\">F\u00f6rs\u00e4ljningen sj\u00f6nk 3,5 procent i butik och 4,6 procent online som en f\u00f6ljd av att konsumenter i h\u00f6gre grad valde billigare alternativ. Konsumenternas nedv\u00e4xling var tydlig p\u00e5 samtliga av Kicks marknader, s\u00e4rskilt i Sverige, skriver bolaget.<\/p>\n<p class=\"\">\u2013 Vi alla har pratat om att den konsumentens \u00e5terkomst 2026, beskedet fr\u00e5n Matas idag ger inte st\u00f6d \u00e5t den tesen. Sen \u00e5terst\u00e5r det att se om det \u00e4r ett enskilt problem med dyra sk\u00f6nhetsprodukter och Kicks, Sverige eller om det \u00e4r bredare \u00e4n s\u00e5, s\u00e4ger EFN:s analytiker Elin Wiker.<\/p>\n<p class=\"\">Bolagets tillf\u00f6rordnade koncernchef, Per Johannesen Madsen, \u00e4r inte n\u00f6jd med kvartalet och s\u00e4ger i ett pressmeddelande att bolaget jobbar f\u00f6r att accelerera sina planer f\u00f6r Kicks.<\/p>\n<p class=\"\">I kvartalet steg Matas totala oms\u00e4ttning till 2 767 miljoner danska kronor, motsvarande en \u00f6kning om 3,1 procent.<\/p>\n<p>\u201dMakroekonomiska motvindar\u201d<\/p>\n<p class=\"\">\u00c4ven det danska smyckesbolaget <a class=\"null text-blue-link underline\" href=\"https:\/\/efn.se\/bors\/instrument\/17665\/pndora\/oversikt\" rel=\"nofollow noopener\" target=\"_blank\">Pandora<\/a> s\u00e4nkte p\u00e5 fredagen sin guidning. Smyckesj\u00e4tten hade enligt prelimin\u00e4ra siffror en organisk tillv\u00e4xt p\u00e5 6 procent f\u00f6r hel\u00e5ret 2025, vilket var l\u00e4gre \u00e4n bolagets guidning p\u00e5 7-8 procent.<\/p>\n<p class=\"\">R\u00e5varupriser, v\u00e4xelkurser och handelstullar beskrivs som motvindar under det g\u00e5ngna \u00e5ret.<\/p>\n<p class=\"\">R\u00f6relseresultatet blev prelimin\u00e4rt 7,8 miljarder.<\/p>\n<p class=\"\">\u201dVi levererade 6 procents organisk tillv\u00e4xt under 2025 trots en svagare julhandel \u00e4n f\u00f6rv\u00e4ntat i fj\u00e4rde kvartalet, s\u00e4rskilt i Nordamerika. \u00c4ven om \u00e5ret pr\u00e4glades av makroekonomiska motvindar har det samtidigt tydliggjort m\u00f6jligheter att sk\u00e4rpa genomf\u00f6randet och st\u00e4rka varum\u00e4rkets attraktivitet\u201d, skriver vd:n Berta de Pablos-Barbier.<\/p>\n<p class=\"\">Hon tog \u00f6ver efter Alexander Lacik vid \u00e5rsskiftet och s\u00e4ger att hennes fokus kommer att vara att minska bolagets r\u00e5varuexponering och genomf\u00f6ra strategif\u00f6r\u00e4ndringar inom utvalda omr\u00e5den f\u00f6r att accelerera l\u00f6nsam tillv\u00e4xt.<\/p>\n<p class=\"\">\u201dPandora forts\u00e4tter att adressera betydande, \u00e4nnu outnyttjade tillv\u00e4xtm\u00f6jligheter som ett komplett smyckesvarum\u00e4rke. V\u00e5ra fundament \u00e4r starka. Vi bygger ett st\u00f6rre Pandora\u201d, skriver hon.<\/p>\n<p class=\"\">Pandora faller drygt 7 procent vid 13-tiden, medan Matas rasar 13 procent.<\/p>\n<p class=\"\">\u00c4ven svenska Lyko, som s\u00e4ljer sk\u00f6nhetsprodukter, backar 3 procent.<\/p>\n<p class=\"\">\u2013 Rimligt med tanke p\u00e5 beskedet och om det beror p\u00e5 att den svenska kunden \u00e4r \u00e5terh\u00e5llsam. Men samtidigt \u00e4r det v\u00e4rt po\u00e4ngtera att Lyko generellt har produkter med l\u00e4gre prispunkter och en annan m\u00e5lgrupp, s\u00e4ger Wiker.<\/p>\n<p class=\"\">B\u00e5de franska <a class=\"null text-blue-link underline\" href=\"https:\/\/efn.se\/bors\/instrument\/5475\/orp\/oversikt\" rel=\"nofollow noopener\" target=\"_blank\">L&#8217;Oreal<\/a> och <a class=\"null text-blue-link underline\" href=\"https:\/\/efn.se\/bors\/instrument\/5475\/mcp\/oversikt\" rel=\"nofollow noopener\" target=\"_blank\">LVMH<\/a> stiger tydligt p\u00e5 Parisb\u00f6rsen. <\/p>\n","protected":false},"excerpt":{"rendered":"I en marknadsuppdatering som sl\u00e4pptes p\u00e5 fredagsmorgonen skriver Matas, som \u00e4r noterat p\u00e5 K\u00f6penhamnsb\u00f6rsen, att bolaget n\u00e5dde en&hellip;\n","protected":false},"author":2,"featured_media":130616,"comment_status":"","ping_status":"","sticky":false,"template":"","format":"standard","meta":{"footnotes":""},"categories":[65],"tags":[72,70,71,34,31,33,32,30],"class_list":{"0":"post-130615","1":"post","2":"type-post","3":"status-publish","4":"format-standard","5":"has-post-thumbnail","7":"category-ekonomi","8":"tag-business","9":"tag-economy","10":"tag-ekonomi","11":"tag-se","12":"tag-svenska","13":"tag-sverige","14":"tag-sweden","15":"tag-swedish"},"share_on_mastodon":{"url":"https:\/\/pubeurope.com\/@se\/115865211551683481","error":""},"_links":{"self":[{"href":"https:\/\/www.europesays.com\/se\/wp-json\/wp\/v2\/posts\/130615","targetHints":{"allow":["GET"]}}],"collection":[{"href":"https:\/\/www.europesays.com\/se\/wp-json\/wp\/v2\/posts"}],"about":[{"href":"https:\/\/www.europesays.com\/se\/wp-json\/wp\/v2\/types\/post"}],"author":[{"embeddable":true,"href":"https:\/\/www.europesays.com\/se\/wp-json\/wp\/v2\/users\/2"}],"replies":[{"embeddable":true,"href":"https:\/\/www.europesays.com\/se\/wp-json\/wp\/v2\/comments?post=130615"}],"version-history":[{"count":0,"href":"https:\/\/www.europesays.com\/se\/wp-json\/wp\/v2\/posts\/130615\/revisions"}],"wp:featuredmedia":[{"embeddable":true,"href":"https:\/\/www.europesays.com\/se\/wp-json\/wp\/v2\/media\/130616"}],"wp:attachment":[{"href":"https:\/\/www.europesays.com\/se\/wp-json\/wp\/v2\/media?parent=130615"}],"wp:term":[{"taxonomy":"category","embeddable":true,"href":"https:\/\/www.europesays.com\/se\/wp-json\/wp\/v2\/categories?post=130615"},{"taxonomy":"post_tag","embeddable":true,"href":"https:\/\/www.europesays.com\/se\/wp-json\/wp\/v2\/tags?post=130615"}],"curies":[{"name":"wp","href":"https:\/\/api.w.org\/{rel}","templated":true}]}}