{"id":130617,"date":"2026-01-09T12:47:18","date_gmt":"2026-01-09T12:47:18","guid":{"rendered":"https:\/\/www.europesays.com\/se\/130617\/"},"modified":"2026-01-09T12:47:18","modified_gmt":"2026-01-09T12:47:18","slug":"antalet-asylsokande-minskar-ner-30-procent","status":"publish","type":"post","link":"https:\/\/www.europesays.com\/se\/130617\/","title":{"rendered":"Antalet asyls\u00f6kande minskar \u2013 ner 30 procent"},"content":{"rendered":"<p>\u2013 Samtidigt ser vi att \u00e5terv\u00e4ndandet \u00f6kar. \u00c5terv\u00e4ndandet till hemland \u00e4r det h\u00f6gsta p\u00e5 tio \u00e5r, s\u00e4ger migrationsminister Johan Forssell (M) p\u00e5 en presstr\u00e4ff<\/p>\n<p>Antalet asyls\u00f6kande var 6\u00a0735 under 2025, j\u00e4mf\u00f6rt med 9\u00a0645 \u00e5ret f\u00f6re. Det kan ocks\u00e5 j\u00e4mf\u00f6ras med genomsnittet under 2016-2022 p\u00e5 drygt 20\u00a0000 asyls\u00f6kande per \u00e5r, enligt regeringen.<\/p>\n<p>Den faktiska asylrelaterade invandringen ligger samtidigt kvar p\u00e5 den l\u00e4gsta niv\u00e5n sedan 1985, vilket \u00e4r s\u00e5 l\u00e5ngt tillbaka som det finns j\u00e4mf\u00f6rbar statistik, och den minskar ytterligare.<\/p>\n<p>Totalt beviljades 79\u00a0684 uppeh\u00e5llstillst\u00e5nd 2025. Asylinvandringen stod f\u00f6r 6 procent, j\u00e4mf\u00f6rt med 31 procent 2018, d\u00e5 133\u00a0025 uppeh\u00e5llstillst\u00e5nd beviljades.<\/p>\n<p>\u00c5terv\u00e4ndandet var 8\u00a0312 personer f\u00f6rra \u00e5ret, en \u00f6kning med 60 procent sedan regeringen tilltr\u00e4dde 2022.<\/p>\n<p>\u2013 Det \u00e4r b\u00e5de det frivilliga och det tv\u00e5ngsvisa. Jag tycker det \u00e4r s\u00e4rskilt gl\u00e4djande att det frivilliga \u00f6kar, s\u00e4ger migrationsministern.<\/p>\n<p>Brottsutvisningarna har \u00f6kat med 20 procent till 440 personer under mandatperioden.<\/p>\n<p>Ukrainska flyktingar som beviljats skydd inom ramen f\u00f6r EU:s massflyktsdirektiv ing\u00e5r inte i asylstatistiken.<\/p>\n","protected":false},"excerpt":{"rendered":"\u2013 Samtidigt ser vi att \u00e5terv\u00e4ndandet \u00f6kar. \u00c5terv\u00e4ndandet till hemland \u00e4r det h\u00f6gsta p\u00e5 tio \u00e5r, s\u00e4ger migrationsminister&hellip;\n","protected":false},"author":2,"featured_media":130618,"comment_status":"","ping_status":"","sticky":false,"template":"","format":"standard","meta":{"footnotes":""},"categories":[12],"tags":[22,23,26,27,17,21,24,25,28,29,15,16,18,34,31,33,32,30,19,20],"class_list":{"0":"post-130617","1":"post","2":"type-post","3":"status-publish","4":"format-standard","5":"has-post-thumbnail","7":"category-sverige","8":"tag-breaking-news","9":"tag-breakingnews","10":"tag-featured-news","11":"tag-featurednews","12":"tag-headlines","13":"tag-huvudnyheter","14":"tag-latest-news","15":"tag-latestnews","16":"tag-main-news","17":"tag-mainnews","18":"tag-news","19":"tag-nyheter","20":"tag-rubriker","21":"tag-se","22":"tag-svenska","23":"tag-sverige","24":"tag-sweden","25":"tag-swedish","26":"tag-top-stories","27":"tag-topstories"},"share_on_mastodon":{"url":"https:\/\/pubeurope.com\/@se\/115865219468249994","error":""},"_links":{"self":[{"href":"https:\/\/www.europesays.com\/se\/wp-json\/wp\/v2\/posts\/130617","targetHints":{"allow":["GET"]}}],"collection":[{"href":"https:\/\/www.europesays.com\/se\/wp-json\/wp\/v2\/posts"}],"about":[{"href":"https:\/\/www.europesays.com\/se\/wp-json\/wp\/v2\/types\/post"}],"author":[{"embeddable":true,"href":"https:\/\/www.europesays.com\/se\/wp-json\/wp\/v2\/users\/2"}],"replies":[{"embeddable":true,"href":"https:\/\/www.europesays.com\/se\/wp-json\/wp\/v2\/comments?post=130617"}],"version-history":[{"count":0,"href":"https:\/\/www.europesays.com\/se\/wp-json\/wp\/v2\/posts\/130617\/revisions"}],"wp:featuredmedia":[{"embeddable":true,"href":"https:\/\/www.europesays.com\/se\/wp-json\/wp\/v2\/media\/130618"}],"wp:attachment":[{"href":"https:\/\/www.europesays.com\/se\/wp-json\/wp\/v2\/media?parent=130617"}],"wp:term":[{"taxonomy":"category","embeddable":true,"href":"https:\/\/www.europesays.com\/se\/wp-json\/wp\/v2\/categories?post=130617"},{"taxonomy":"post_tag","embeddable":true,"href":"https:\/\/www.europesays.com\/se\/wp-json\/wp\/v2\/tags?post=130617"}],"curies":[{"name":"wp","href":"https:\/\/api.w.org\/{rel}","templated":true}]}}