{"id":130623,"date":"2026-01-09T12:52:21","date_gmt":"2026-01-09T12:52:21","guid":{"rendered":"https:\/\/www.europesays.com\/se\/130623\/"},"modified":"2026-01-09T12:52:21","modified_gmt":"2026-01-09T12:52:21","slug":"jbuds-mini-anc-varldens-minsta-oronproppar-med-brusreducering","status":"publish","type":"post","link":"https:\/\/www.europesays.com\/se\/130623\/","title":{"rendered":"JBuds Mini ANC: V\u00e4rldens minsta \u00f6ronproppar med brusreducering"},"content":{"rendered":"<p class=\"first_para\">\u00d6ronproppar med aktiv brusreducering \u00e4r inget nytt. Men JLab anser att man nu har krympt formatet till ett absolut minimum med sina nya JBuds Mini ANC. Som man h\u00e4vdar \u00e4r v\u00e4rldens minsta brusreducerande \u00f6ronproppar.<\/p>\n<p><a href=\"https:\/\/www.lydogbilde.no\/attachment\/jlab-jbuds-mini-anc-bluepink-key-2\/\" rel=\"attachment wp-att-538203 noopener nofollow\" target=\"_blank\"><img fetchpriority=\"high\" decoding=\"async\" class=\"size-full wp-image-538203\" src=\"https:\/\/www.europesays.com\/se\/wp-content\/uploads\/2026\/01\/JLab-JBuds-Mini-ANC-bluepink-key-2-scaled.jpg\" alt=\"JLab JBuds Mini ANC bluepink key-2\" width=\"2560\" height=\"1440\" title=\"JBuds Mini ANC: V\u00e4rldens minsta \u00f6ronproppar med brusreducering 1\"\/><\/a>JBuds Mini ANC s\u00e4gs vara mindre \u00e4n alla andra \u00f6ronproppar med aktiv brusreducering. \u00c5tminstone j\u00e4mf\u00f6rt med de st\u00f6rsta varum\u00e4rkena. (Foto: JLab)<br \/>\nBrusreducering till l\u00e5gpris<\/p>\n<p>Det mest \u00f6verraskande \u00e4r kanske inte storleken, utan priset. JBuds Mini ANC f\u00f6rv\u00e4ntas kosta cirka 450 kronor \u2013 vilket \u00e4r i paritet med <a href=\"https:\/\/www.ljudochbild.se\/test\/horlurar\/9-par-billiga-oronproppar-varen-2024\/jlab-jbuds-mini\/\" rel=\"nofollow noopener\" target=\"_blank\">f\u00f6reg\u00e5ngaren utan aktiv brusreducering<\/a>. Det \u00e4r mycket intressant att JLab har lyckats integrera ANC-teknologi utan att h\u00f6ja priset.<\/p>\n<p><a href=\"https:\/\/www.lydogbilde.no\/attachment\/jbuds-mini-anc-lifestyle\/\" rel=\"attachment wp-att-538204 noopener nofollow\" target=\"_blank\"><img loading=\"lazy\" decoding=\"async\" class=\"size-full wp-image-538204\" src=\"https:\/\/www.europesays.com\/se\/wp-content\/uploads\/2026\/01\/jbuds-mini-anc-lifestyle-scaled.jpg\" alt=\"jbuds mini anc-lifestyle\" width=\"2560\" height=\"1440\" title=\"JBuds Mini ANC: V\u00e4rldens minsta \u00f6ronproppar med brusreducering 2\"\/><\/a>(Foto: JLab)<br \/>\nOmgivningsljud f\u00f6r tryggare f\u00e4rder<\/p>\n<p>F\u00f6rutom aktiv brusreducering har JBuds Mini ANC ett Be Aware-l\u00e4ge som sl\u00e4pper in omgivningsljud. Detta \u00e4r anv\u00e4ndbart n\u00e4r du \u00e4r ute och g\u00e5r eller springer och vill h\u00f6ra trafiken och m\u00e4nniskorna omkring dig utan att ta ut \u00f6ronsn\u00e4ckorna. Denna funktion \u00e4r standard p\u00e5 dyrare \u00f6ronproppar, s\u00e5 det \u00e4r positivt att JLab har inkluderat det i en modell som kostar mindre \u00e4n 400 kronor.<\/p>\n<p>L\u00e4s ocks\u00e5<\/p>\n<p><a style=\"text-decoration:none;font-size:21px;font-family:outfit;font-weight:600;color:#000;display:inline-block;width:100%;margin-bottom:10px;\" href=\"https:\/\/www.ljudochbild.se\/test\/horlurar\/8-tradlosa-oronproppar-basic-julen-2025\/\" rel=\"nofollow noopener\" target=\"_blank\">Grupptest: 8 tr\u00e5dl\u00f6sa \u00f6ronproppar, basic \u2013 julen 2025<\/a><\/p>\n<p>M\u00e5ste man l\u00e4gga ut 2 500-3 000 kronor f\u00f6r att f\u00e5 \u00f6ronproppar med bra ljud, brusreducering och en app med EQ? Vi har testat \u00e5tta tr\u00e5dl\u00f6sa \u00f6ronproppar i prisklassen 900-2 000 kronor, och resultatet \u00e4r \u00f6verraskande: Dyrast \u00e4r INTE b\u00e4st.<\/p>\n<p>Bra batteritid<\/p>\n<p>Med 7 timmars lyssningstid med \u00f6ronpropparna och runt 25 timmar totalt med laddningsfodralet presterar JBuds Mini ANC bra f\u00f6r en s\u00e5 kompakt modell. Den h\u00e5ller i n\u00e5gra arbetsdagar utan laddning och \u00e4r b\u00e4ttre \u00e4n m\u00e5nga konkurrenter i samma prisklass.<\/p>\n<p><a href=\"https:\/\/www.lydogbilde.no\/attachment\/jlab_jbuds-mini-anc_graphite\/\" rel=\"attachment wp-att-538205 noopener nofollow\" target=\"_blank\"><img loading=\"lazy\" decoding=\"async\" class=\"size-full wp-image-538205\" src=\"https:\/\/www.europesays.com\/se\/wp-content\/uploads\/2026\/01\/Jlab_JBuds-Mini-ANC_Graphite-scaled.jpg\" alt=\"Jlab_JBuds Mini ANC_Graphite\" width=\"2560\" height=\"1440\" title=\"JBuds Mini ANC: V\u00e4rldens minsta \u00f6ronproppar med brusreducering 3\"\/><\/a>(Foto: JLab)<br \/>\nAnslutning och app<\/p>\n<p>Bluetooth multipoint g\u00f6r att du kan vara ansluten till tv\u00e5 enheter samtidigt \u2013 till exempel din mobiltelefon och din dator. Detta g\u00f6r att du smidigt kan v\u00e4xla fr\u00e5n en podcast p\u00e5 din b\u00e4rbara dator till ett samtal p\u00e5 din mobiltelefon.<\/p>\n<p>IP55-certifieringen inneb\u00e4r att \u00f6ronsn\u00e4ckorna \u00e4r motst\u00e5ndskraftiga mot damm och vattenst\u00e4nk. En regnskur eller ett svettigt tr\u00e4ningspass b\u00f6r inte vara n\u00e5got problem.<\/p>\n<p>Genom JLab-appen kan du justera styrkan p\u00e5 brusreduceringen och anpassa ljudet med equalizern. Om du inte \u00e4r n\u00f6jd med n\u00e5gon av de tre f\u00f6rinst\u00e4llningarna kan du skapa egna EQ-profiler.<\/p>\n<p><a href=\"https:\/\/www.lydogbilde.no\/attachment\/jbuds-mini-anc-colors\/\" rel=\"attachment wp-att-538202 noopener nofollow\" target=\"_blank\"><img loading=\"lazy\" decoding=\"async\" class=\"size-full wp-image-538202\" src=\"https:\/\/www.europesays.com\/se\/wp-content\/uploads\/2026\/01\/Jbuds-mini-anc-colors-scaled.jpg\" alt=\"Jbuds mini-anc-colors\" width=\"2560\" height=\"1280\" title=\"JBuds Mini ANC: V\u00e4rldens minsta \u00f6ronproppar med brusreducering 4\"\/><\/a>(Foto: JLab)<br \/>\nJBuds Mini ANC: Pris och tillg\u00e4nglighet<\/p>\n<p>JBuds Mini ANC finns i fyra f\u00e4rgalternativ: Graphite, Midnight Blue, Ruby Red och Blue Pink. De kommer att finnas tillg\u00e4ngliga f\u00f6r k\u00f6p fr\u00e5n mars 2026 och priset f\u00f6rv\u00e4ntas som sagt hamna p\u00e5 ungef\u00e4r 450 kronor.<\/p>\n<p>Mer info: <a href=\"https:\/\/jlab.com\" target=\"_blank\" rel=\"noopener nofollow\">jlab.com<\/a><\/p>\n<p>    <a href=\"https:\/\/www.ljudochbild.se\/author\/geir-nordby\/\" rel=\"nofollow noopener\" target=\"_blank\"><br \/>\n        <img decoding=\"async\" style=\"border-radius:50px;width:90px;\" alt=\"Geir Gr\u00e5bein Nordby\" src=\"https:\/\/www.europesays.com\/se\/wp-content\/uploads\/2025\/08\/geir_g.jpg\"\/> <\/a>   <\/p>\n<p>\n(f. 1978): Journalist. Gr\u00e5bein har aldrig haft n\u00e5got annat heltidsjobb \u00e4n p\u00e5 Ljud &amp; Bild. \u00c5 andra sidan har han varit h\u00e4r n\u00e4stan halva sitt liv, \u00e4nda sedan 2001 n\u00e4r han skickade en jobbans\u00f6kan till fel adress (han ville egentligen till en inspelningsstudio med samma namn). Gr\u00e5beins expertis \u00e4r fr\u00e4mst inom hifi, h\u00f6rlurar och hemmabio, men det h\u00e4nder att han glimtar till med andra kvaliteter ocks\u00e5.\n<\/p>\n<p>    <a href=\"https:\/\/www.ljudochbild.se\/arets-basta-home-produkter-2025-2026\/\" rel=\"nofollow noopener\" target=\"_blank\"> <img decoding=\"async\" src=\"https:\/\/www.europesays.com\/se\/wp-content\/uploads\/2025\/11\/Svensk-Home-1.png\"\/><\/a><\/p>\n","protected":false},"excerpt":{"rendered":"\u00d6ronproppar med aktiv brusreducering \u00e4r inget nytt. Men JLab anser att man nu har krympt formatet till ett&hellip;\n","protected":false},"author":2,"featured_media":130624,"comment_status":"","ping_status":"","sticky":false,"template":"","format":"standard","meta":{"footnotes":""},"categories":[66],"tags":[80,78,79,34,31,33,32,30,81,84,83,82],"class_list":{"0":"post-130623","1":"post","2":"type-post","3":"status-publish","4":"format-standard","5":"has-post-thumbnail","7":"category-vetenskap-och-teknik","8":"tag-science","9":"tag-science-and-technology","10":"tag-scienceandtechnology","11":"tag-se","12":"tag-svenska","13":"tag-sverige","14":"tag-sweden","15":"tag-swedish","16":"tag-technology","17":"tag-teknik","18":"tag-vetenskap","19":"tag-vetenskapteknik"},"share_on_mastodon":{"url":"https:\/\/pubeurope.com\/@se\/115865239196405524","error":""},"_links":{"self":[{"href":"https:\/\/www.europesays.com\/se\/wp-json\/wp\/v2\/posts\/130623","targetHints":{"allow":["GET"]}}],"collection":[{"href":"https:\/\/www.europesays.com\/se\/wp-json\/wp\/v2\/posts"}],"about":[{"href":"https:\/\/www.europesays.com\/se\/wp-json\/wp\/v2\/types\/post"}],"author":[{"embeddable":true,"href":"https:\/\/www.europesays.com\/se\/wp-json\/wp\/v2\/users\/2"}],"replies":[{"embeddable":true,"href":"https:\/\/www.europesays.com\/se\/wp-json\/wp\/v2\/comments?post=130623"}],"version-history":[{"count":0,"href":"https:\/\/www.europesays.com\/se\/wp-json\/wp\/v2\/posts\/130623\/revisions"}],"wp:featuredmedia":[{"embeddable":true,"href":"https:\/\/www.europesays.com\/se\/wp-json\/wp\/v2\/media\/130624"}],"wp:attachment":[{"href":"https:\/\/www.europesays.com\/se\/wp-json\/wp\/v2\/media?parent=130623"}],"wp:term":[{"taxonomy":"category","embeddable":true,"href":"https:\/\/www.europesays.com\/se\/wp-json\/wp\/v2\/categories?post=130623"},{"taxonomy":"post_tag","embeddable":true,"href":"https:\/\/www.europesays.com\/se\/wp-json\/wp\/v2\/tags?post=130623"}],"curies":[{"name":"wp","href":"https:\/\/api.w.org\/{rel}","templated":true}]}}