{"id":130625,"date":"2026-01-09T12:53:11","date_gmt":"2026-01-09T12:53:11","guid":{"rendered":"https:\/\/www.europesays.com\/se\/130625\/"},"modified":"2026-01-09T12:53:11","modified_gmt":"2026-01-09T12:53:11","slug":"saab-far-order-pa-trackfire-remote-weapon-station","status":"publish","type":"post","link":"https:\/\/www.europesays.com\/se\/130625\/","title":{"rendered":"Saab f\u00e5r order p\u00e5 Trackfire Remote Weapon Station"},"content":{"rendered":"<p>Saab har f\u00e5tt en order fr\u00e5n FMV avseende vapenstationen Trackfire Remote Weapon Station (RWS). Orderv\u00e4rdet \u00e4r cirka 1,5 miljarder kronor och leverans sker 2026-2028. Ordern bokades i det fj\u00e4rde kvartalet 2025.\u00a0<\/p>\n<p>Ordern avser leverans av Trackfire RWS till den svenska arm\u00e9n och Amfibiebataljon 2030, som \u00e4r ett p\u00e5g\u00e5ende f\u00f6rsvarsprojekt som syftar till att utveckla framtidens amfibiestyrkor inom F\u00f6rsvarsmakten.\u00a0<\/p>\n<p>\u2212 Vi \u00e4r stolta \u00f6ver att Trackfire RWS kommer att ing\u00e5 i den framtida, st\u00e4rkta f\u00f6rm\u00e5gan hos den svenska amfibiek\u00e5ren och den svenska arm\u00e9n. Denna order speglar v\u00e5rt \u00e5tagande att leverera toppmoderna l\u00f6sningar som m\u00f6ter de f\u00f6r\u00e4nderliga behoven inom modernt f\u00f6rsvar. Trackfire RWS kommer att vara en viktig resurs f\u00f6r att st\u00e4rka den operativa effekten, s\u00e4ger Carl-Johan Bergholm, chef \u00f6ver Saabs aff\u00e4rsomr\u00e5de Surveillance.<\/p>\n<p>Trackfire Remote Weapon Station \u00e4r en fullt stabiliserad, fj\u00e4rrman\u00f6vrerad vapenstation som erbjuder mycket h\u00f6g precision \u00e4ven under r\u00f6relse, oavsett om den \u00e4r monterad p\u00e5 fartyg, markfordon eller i station\u00e4ra f\u00f6rsvarspositioner. FMV:s best\u00e4llning omfattar den nya Trackfire ARES (Aerial Response) RWS, som \u00e4r utrustad med en 30X113 mm M230LF Bushmaster automatkanon som huvudvapen, vilket ger effektiv anti-dr\u00f6narf\u00f6rm\u00e5ga (C-UAS).<\/p>\n<p><strong>Kontakt<\/strong><\/p>\n<p>Saabs presscenter<br \/>+46 (0)734 180 018<br \/>presscentre@saabgroup.com<br \/>\u00a0<\/p>\n<p>Saab \u00e4r ett ledande f\u00f6rsvars- och s\u00e4kerhetsf\u00f6retag med uppdrag att hj\u00e4lpa nationer att skydda sin befolkning och bidrar till trygghet f\u00f6r m\u00e4nniskor och samh\u00e4llen. Med 27 000 talangfulla medarbetare utvecklar Saab teknik och l\u00f6sningar f\u00f6r en s\u00e4krare och mer h\u00e5llbar v\u00e4rld. Saab utvecklar, tillverkar och underh\u00e5ller avancerade system inom flygteknik, vapen, ledningssystem, sensorer och undervattenssystem. Saab har sitt huvudkontor i Sverige men en global verksamhet d\u00e4r Saab \u00e4r en del av m\u00e5nga nationers f\u00f6rsvarsf\u00f6rm\u00e5ga.<\/p>\n","protected":false},"excerpt":{"rendered":"Saab har f\u00e5tt en order fr\u00e5n FMV avseende vapenstationen Trackfire Remote Weapon Station (RWS). Orderv\u00e4rdet \u00e4r cirka 1,5&hellip;\n","protected":false},"author":2,"featured_media":130626,"comment_status":"","ping_status":"","sticky":false,"template":"","format":"standard","meta":{"footnotes":""},"categories":[65],"tags":[72,70,71,34,31,33,32,30],"class_list":{"0":"post-130625","1":"post","2":"type-post","3":"status-publish","4":"format-standard","5":"has-post-thumbnail","7":"category-ekonomi","8":"tag-business","9":"tag-economy","10":"tag-ekonomi","11":"tag-se","12":"tag-svenska","13":"tag-sverige","14":"tag-sweden","15":"tag-swedish"},"share_on_mastodon":{"url":"https:\/\/pubeurope.com\/@se\/115865243096220904","error":""},"_links":{"self":[{"href":"https:\/\/www.europesays.com\/se\/wp-json\/wp\/v2\/posts\/130625","targetHints":{"allow":["GET"]}}],"collection":[{"href":"https:\/\/www.europesays.com\/se\/wp-json\/wp\/v2\/posts"}],"about":[{"href":"https:\/\/www.europesays.com\/se\/wp-json\/wp\/v2\/types\/post"}],"author":[{"embeddable":true,"href":"https:\/\/www.europesays.com\/se\/wp-json\/wp\/v2\/users\/2"}],"replies":[{"embeddable":true,"href":"https:\/\/www.europesays.com\/se\/wp-json\/wp\/v2\/comments?post=130625"}],"version-history":[{"count":0,"href":"https:\/\/www.europesays.com\/se\/wp-json\/wp\/v2\/posts\/130625\/revisions"}],"wp:featuredmedia":[{"embeddable":true,"href":"https:\/\/www.europesays.com\/se\/wp-json\/wp\/v2\/media\/130626"}],"wp:attachment":[{"href":"https:\/\/www.europesays.com\/se\/wp-json\/wp\/v2\/media?parent=130625"}],"wp:term":[{"taxonomy":"category","embeddable":true,"href":"https:\/\/www.europesays.com\/se\/wp-json\/wp\/v2\/categories?post=130625"},{"taxonomy":"post_tag","embeddable":true,"href":"https:\/\/www.europesays.com\/se\/wp-json\/wp\/v2\/tags?post=130625"}],"curies":[{"name":"wp","href":"https:\/\/api.w.org\/{rel}","templated":true}]}}