{"id":130642,"date":"2026-01-09T13:04:49","date_gmt":"2026-01-09T13:04:49","guid":{"rendered":"https:\/\/www.europesays.com\/se\/130642\/"},"modified":"2026-01-09T13:04:49","modified_gmt":"2026-01-09T13:04:49","slug":"forsakringskassan-och-skatteverket-ska-etablera-en-ai-verkstad-for-den-offentliga-forvaltningen","status":"publish","type":"post","link":"https:\/\/www.europesays.com\/se\/130642\/","title":{"rendered":"F\u00f6rs\u00e4kringskassan och Skatteverket ska etablera en AI-verkstad f\u00f6r den offentliga f\u00f6rvaltningen"},"content":{"rendered":"<p>&#13;<br \/>\nRegeringen ger F\u00f6rs\u00e4kringskassan och Skatteverket i uppdrag att etablera en AI-verkstad \u2013 en f\u00f6rvaltningsgemensam infrastruktur och tillh\u00f6rande st\u00f6dfunktioner f\u00f6r utveckling och anv\u00e4ndning av artificiell intelligens i offentlig f\u00f6rvaltning.<\/p>\n<p>\u2013 Med utg\u00e5ngspunkt i dessa myndigheters kapacitet skulle statsf\u00f6rvaltningen p\u00e5 ett kostnadseffektivt och \u00e4ndam\u00e5lsenligt s\u00e4tt kunna accelerera offentlig verksamhets f\u00f6rm\u00e5ga att utveckla och anv\u00e4nda AI till nytta f\u00f6r medborgare och samh\u00e4lle, s\u00e4ger civilminister Erik Slottner.<\/p>\n<p>Utg\u00e5ngspunkten \u00e4r att AI-verkstaden ska vara kostnadseffektiv, s\u00e4ker och robust. Vid genomf\u00f6randet av uppdraget ska myndigheterna f\u00f6ra en dialog med ber\u00f6rda akt\u00f6rer i syfte att inkludera bland annat n\u00e4ringslivets perspektiv.<\/p>\n<p>F\u00f6r att etablera AI-verkstaden \u00f6kades F\u00f6rs\u00e4kringskassans och Skatteverkets respektive anslag med 100 miljoner kronor vardera genom f\u00f6rslag i budgetpropositionen f\u00f6r 2026. \u00d6kningen ber\u00e4knas best\u00e5 \u00e4ven under 2027\u20132030.<\/p>\n<p>AI har potential att f\u00f6r\u00e4ndra den offentliga f\u00f6rvaltningen i grunden och d\u00e4rigenom effektivisera processer, h\u00f6ja kvaliteten p\u00e5 tj\u00e4nster till medborgarna, leda till effektivare anv\u00e4ndning av skattemedel och spara resurser. F\u00f6rs\u00e4kringskassan och Skatteverket har gjort stora investeringar i att bygga storskalig it- och AI-infrastruktur som klarar moderna krav p\u00e5 tillg\u00e4nglighet och s\u00e4kerhet. Skatteverket och F\u00f6rs\u00e4kringskassan fick i juli 2025 i uppdrag att utreda f\u00f6ruts\u00e4ttningarna f\u00f6r att etablera en AI-verkstad.<\/p>\n","protected":false},"excerpt":{"rendered":"&#13; Regeringen ger F\u00f6rs\u00e4kringskassan och Skatteverket i uppdrag att etablera en AI-verkstad \u2013 en f\u00f6rvaltningsgemensam infrastruktur och tillh\u00f6rande&hellip;\n","protected":false},"author":2,"featured_media":67452,"comment_status":"","ping_status":"","sticky":false,"template":"","format":"standard","meta":{"footnotes":""},"categories":[5],"tags":[22,23,26,27,17,21,24,25,28,29,15,16,18,34,31,33,32,30,19,20],"class_list":{"0":"post-130642","1":"post","2":"type-post","3":"status-publish","4":"format-standard","5":"has-post-thumbnail","7":"category-rubriker","8":"tag-breaking-news","9":"tag-breakingnews","10":"tag-featured-news","11":"tag-featurednews","12":"tag-headlines","13":"tag-huvudnyheter","14":"tag-latest-news","15":"tag-latestnews","16":"tag-main-news","17":"tag-mainnews","18":"tag-news","19":"tag-nyheter","20":"tag-rubriker","21":"tag-se","22":"tag-svenska","23":"tag-sverige","24":"tag-sweden","25":"tag-swedish","26":"tag-top-stories","27":"tag-topstories"},"share_on_mastodon":{"url":"https:\/\/pubeurope.com\/@se\/115865290246605946","error":""},"_links":{"self":[{"href":"https:\/\/www.europesays.com\/se\/wp-json\/wp\/v2\/posts\/130642","targetHints":{"allow":["GET"]}}],"collection":[{"href":"https:\/\/www.europesays.com\/se\/wp-json\/wp\/v2\/posts"}],"about":[{"href":"https:\/\/www.europesays.com\/se\/wp-json\/wp\/v2\/types\/post"}],"author":[{"embeddable":true,"href":"https:\/\/www.europesays.com\/se\/wp-json\/wp\/v2\/users\/2"}],"replies":[{"embeddable":true,"href":"https:\/\/www.europesays.com\/se\/wp-json\/wp\/v2\/comments?post=130642"}],"version-history":[{"count":0,"href":"https:\/\/www.europesays.com\/se\/wp-json\/wp\/v2\/posts\/130642\/revisions"}],"wp:featuredmedia":[{"embeddable":true,"href":"https:\/\/www.europesays.com\/se\/wp-json\/wp\/v2\/media\/67452"}],"wp:attachment":[{"href":"https:\/\/www.europesays.com\/se\/wp-json\/wp\/v2\/media?parent=130642"}],"wp:term":[{"taxonomy":"category","embeddable":true,"href":"https:\/\/www.europesays.com\/se\/wp-json\/wp\/v2\/categories?post=130642"},{"taxonomy":"post_tag","embeddable":true,"href":"https:\/\/www.europesays.com\/se\/wp-json\/wp\/v2\/tags?post=130642"}],"curies":[{"name":"wp","href":"https:\/\/api.w.org\/{rel}","templated":true}]}}