{"id":130645,"date":"2026-01-09T13:08:16","date_gmt":"2026-01-09T13:08:16","guid":{"rendered":"https:\/\/www.europesays.com\/se\/130645\/"},"modified":"2026-01-09T13:08:16","modified_gmt":"2026-01-09T13:08:16","slug":"nyhetsplock-torsdag-8-januari-2026-magasinet-para%c2%a7raf","status":"publish","type":"post","link":"https:\/\/www.europesays.com\/se\/130645\/","title":{"rendered":"Nyhetsplock torsdag 8 januari 2026 \u2013 Magasinet Para\u00a7raf"},"content":{"rendered":"<p>\t\t\t\t<strong style=\"display:inline-block;padding-bottom:5px\"><\/p>\n<p>Publicerad 2026-01-08<\/p>\n<p>Jackie Arkl\u00f6v nekas \u00e5terigen tidsbest\u00e4mt straff, man \u00e5talas f\u00f6r mord p\u00e5 sambo i Grythyttan, 15-\u00e5rig flicka d\u00f6ms f\u00f6r olaga tv\u00e5ng och \u00e4ldre kvinna r\u00e5nad p\u00e5 handv\u00e4ska i Eskilstuna.\t\t<\/strong><\/p>\n<p style=\"font-weight: 400;\"><strong>Jackie Arkl\u00f6v nekas \u00e5terigen tidsbest\u00e4mt straff. <\/strong>Jackie Arkl\u00f6v, som d\u00f6mdes till livstids f\u00e4ngelse f\u00f6r polismorden i Malexander 1999, nekas \u00e5terigen att f\u00e5 sitt straff tidsbest\u00e4mt, meddelar \u00d6rebro tingsr\u00e4tt.<br \/>Tingsr\u00e4tten skriver i sitt beslut:<br \/>\u201d\u2026det finns risk f\u00f6r att den d\u00f6mde \u00e5terfaller i brottslighet av allvarligt slag. Risken f\u00f6r \u00e5terfall i brottslighet av allvarligt slag intar en s\u00e4rst\u00e4llning bland de kriterier som s\u00e4rskilt ska beaktas. Det inneb\u00e4r att en s\u00e5dan risk kan utg\u00f6ra ett absolut hinder mot att bifalla en ans\u00f6kan om omvandling av ett livstidsstraff.\u201d<br \/>Han har suttit frihetsber\u00f6vad i \u00f6ver 26 \u00e5r och har tidigare nekats tidsbest\u00e4mt straff vid \u00e5tta tillf\u00e4llen. 2023 meddelade \u00d6rebro tingsr\u00e4tt att livstidsstraffet skulle tidsbest\u00e4mmas, men det \u00f6verklagades till G\u00f6ta hovr\u00e4tt som beslutade att livstidsstraffet skulle st\u00e5 fast.<\/p>\n<p style=\"font-weight: 400;\"><strong>Man \u00e5talas f\u00f6r mord p\u00e5 sambo i Grythyttan. <\/strong>En 56-\u00e5rig man \u00e5talas f\u00f6r mord p\u00e5 en 46-\u00e5rig kvinna i Grythyttan i december 2024, skriver \u00c5klagarmyndigheten i ett pressmeddelande.<br \/>Mannen \u00e5talas f\u00f6r att ha strypt kvinnan, som var hans sambo, och sedan flyttat och dumpat kroppen i en n\u00e4rliggande sj\u00f6.<br \/>Kvinnan anm\u00e4ldes f\u00f6rsvunnen i december 2024. En f\u00f6runders\u00f6kning om m\u00e4nniskorov inleddes, men efter att kvinnans kropp hittats i en sj\u00f6 i mars 2025 \u00e4ndrades rubriceringen till mord och gravfridsbrott.<br \/>Mannen anh\u00f6lls samma dag som kroppen hittades och har suttit frihetsber\u00f6vad sedan dess.<\/p>\n<p style=\"font-weight: 400;\"><strong>15-\u00e5rig flicka d\u00f6ms f\u00f6r olaga tv\u00e5ng. <\/strong>En 15-\u00e5rig flicka d\u00f6ms f\u00f6r olaga tv\u00e5ng efter att ha hotat att sl\u00e5 en j\u00e4mn\u00e5rig flicka om hon inte gick ner p\u00e5 kn\u00e4 och kysste hennes skor, rapporterar SVT Norrbotten.<br \/>H\u00e4ndelsen intr\u00e4ffade i slutet av juli p\u00e5 Bodens resecentrum. Den \u00e5talade har medgett att hon f\u00f6rm\u00e5dde den andra flickan att g\u00e5 ner p\u00e5 kn\u00e4 f\u00f6r att kyssa hennes skor men f\u00f6rnekar att hon ska ha hotat att sl\u00e5 henne.<br \/>Domstolen valde att g\u00e5 p\u00e5 \u00e5klagarens linje, bland annat f\u00f6r att ett vittne ber\u00e4ttat trov\u00e4rdigt om hoten om misshandel. R\u00e4tten anser ocks\u00e5 att kr\u00e4nkningen f\u00f6rv\u00e4rrades av att den filmades.<br \/>Den 15-\u00e5riga flickan d\u00f6ms f\u00f6r olaga tv\u00e5ng till 35 timmars ungdomstj\u00e4nst samt att betala 10\u00a0000 kronor i skadest\u00e5nd till m\u00e5ls\u00e4garen.<\/p>\n<p style=\"font-weight: 400;\"><strong>\u00c4ldre kvinna r\u00e5nad p\u00e5 handv\u00e4ska i Eskilstuna. <\/strong>En kvinna i 70-\u00e5rs\u00e5ldern blev under onsdagen r\u00e5nad p\u00e5 sin handv\u00e4ska p\u00e5 Kungsgatan i centrala Eskilstuna, rapporterar polisen.<br \/>G\u00e4rningsmannen ska ha kommit upp bakom kvinnan och slitit till sig v\u00e4skan varp\u00e5 hon ramlade omkull. R\u00e5naren sprang sedan fr\u00e5n platsen. Handv\u00e4skan \u00e5terfann i n\u00e4rheten, men g\u00e4rningsmannen efters\u00f6kts \u00e4nnu. Kvinnan har inte beh\u00f6vt upps\u00f6ka sjukhus.<\/p>\n<p>\t\t\t\t<a id=\"mparagraf-support\" href=\"https:\/\/www.magasinetparagraf.se\/donera\/\" class=\"newsletter-email-submit\" style=\"width:100%;color:#fff;text-decoration:none;display:block;padding: 8px 0px; text-align: center;box-shadow:0px 0px 15px 0px rgba(0,0,0,0.3);font-size:13px\" rel=\"nofollow noopener\" target=\"_blank\">St\u00f6d oss i arbetet med att bevaka r\u00e4ttsstaten \u00bb<\/a><\/p>\n<p>Publicerad 2026-01-08<\/p>\n<p>\t\t\t\t<strong style=\"color: #000000; font-size: 1.17em; line-height: 1.5\">Prenumerera p\u00e5 Para\u00a7rafs nyhetsbrev\u00a0<\/strong><br \/>\n\t\t\t\t<b>Nyhetsbrevet skickas ut varje m\u00e5ndag och torsdag.<\/b><br \/>\n\t\t\t\tI Nyhetsbrevet f\u00e5r du besked om det vi senast har publicerat och en del information om vad som \u00e4r p\u00e5 g\u00e5ng. D\u00e4rtill f\u00e5r du ibland extramaterial som inte publiceras p\u00e5 sajten.<br \/>\n\t\t\t\tVi ing\u00e5r inte i n\u00e5gon mediekoncern och l\u00e4mnar inte ut prenumerantlistan till n\u00e5gon, s\u00e5 din mejladress hamnar inte p\u00e5 avv\u00e4gar.<br \/>\n\t\t\t\tDu prenumererar utan kostnad. Du kan ocks\u00e5 \u00f6verraska en v\u00e4n genom att ge honom eller henne en prenumeration, om du skriver in i den personens mejladress.<br \/>\n\t\t\t\t<strong>OBS:<\/strong>\u00a0Vi efterfr\u00e5gar bara den mejladress du vill ha Nyhetsbrevet mejlat till, inget annat. Du prenumererar\u00a0<a href=\"https:\/\/www.magasinetparagraf.se\/prenumerera\" style=\"color:blue\" rel=\"nofollow noopener\" target=\"_blank\"><strong>h\u00e4r<\/strong><\/a>.<\/p>\n","protected":false},"excerpt":{"rendered":"Publicerad 2026-01-08 Jackie Arkl\u00f6v nekas \u00e5terigen tidsbest\u00e4mt straff, man \u00e5talas f\u00f6r mord p\u00e5 sambo i Grythyttan, 15-\u00e5rig flicka&hellip;\n","protected":false},"author":2,"featured_media":24477,"comment_status":"","ping_status":"","sticky":false,"template":"","format":"standard","meta":{"footnotes":""},"categories":[66],"tags":[80,78,79,34,31,33,32,30,81,84,83,82],"class_list":{"0":"post-130645","1":"post","2":"type-post","3":"status-publish","4":"format-standard","5":"has-post-thumbnail","7":"category-vetenskap-och-teknik","8":"tag-science","9":"tag-science-and-technology","10":"tag-scienceandtechnology","11":"tag-se","12":"tag-svenska","13":"tag-sverige","14":"tag-sweden","15":"tag-swedish","16":"tag-technology","17":"tag-teknik","18":"tag-vetenskap","19":"tag-vetenskapteknik"},"share_on_mastodon":{"url":"https:\/\/pubeurope.com\/@se\/115865302089677531","error":""},"_links":{"self":[{"href":"https:\/\/www.europesays.com\/se\/wp-json\/wp\/v2\/posts\/130645","targetHints":{"allow":["GET"]}}],"collection":[{"href":"https:\/\/www.europesays.com\/se\/wp-json\/wp\/v2\/posts"}],"about":[{"href":"https:\/\/www.europesays.com\/se\/wp-json\/wp\/v2\/types\/post"}],"author":[{"embeddable":true,"href":"https:\/\/www.europesays.com\/se\/wp-json\/wp\/v2\/users\/2"}],"replies":[{"embeddable":true,"href":"https:\/\/www.europesays.com\/se\/wp-json\/wp\/v2\/comments?post=130645"}],"version-history":[{"count":0,"href":"https:\/\/www.europesays.com\/se\/wp-json\/wp\/v2\/posts\/130645\/revisions"}],"wp:featuredmedia":[{"embeddable":true,"href":"https:\/\/www.europesays.com\/se\/wp-json\/wp\/v2\/media\/24477"}],"wp:attachment":[{"href":"https:\/\/www.europesays.com\/se\/wp-json\/wp\/v2\/media?parent=130645"}],"wp:term":[{"taxonomy":"category","embeddable":true,"href":"https:\/\/www.europesays.com\/se\/wp-json\/wp\/v2\/categories?post=130645"},{"taxonomy":"post_tag","embeddable":true,"href":"https:\/\/www.europesays.com\/se\/wp-json\/wp\/v2\/tags?post=130645"}],"curies":[{"name":"wp","href":"https:\/\/api.w.org\/{rel}","templated":true}]}}