{"id":130655,"date":"2026-01-09T13:16:09","date_gmt":"2026-01-09T13:16:09","guid":{"rendered":"https:\/\/www.europesays.com\/se\/130655\/"},"modified":"2026-01-09T13:16:09","modified_gmt":"2026-01-09T13:16:09","slug":"det-blir-nu-lattare-att-lagga-till-lankar-i-word-dokument","status":"publish","type":"post","link":"https:\/\/www.europesays.com\/se\/130655\/","title":{"rendered":"Det blir nu l\u00e4ttare att l\u00e4gga till l\u00e4nkar i Word-dokument"},"content":{"rendered":"<p>Microsoft har <a href=\"https:\/\/idg.digidip.net\/visit?url=https:\/\/techcommunity.microsoft.com\/blog\/microsoft365insiderblog\/add-links-to-text-faster-in-word\/4483183&amp;currurl=https:\/\/www.pcforalla.se\/article\/3028408\/det-blir-nu-lattare-att-lagga-till-lankar-i-word-dokument.html&amp;ref=8-1-3028408-1-0-0-0-0\" target=\"_blank\" rel=\"nofollow noopener\" data-subtag=\"8-1-3028408-1-0-0-0-0\" data-domain-name=\"microsoft\">meddelat<\/a> att det nu kommer g\u00e5 mycket snabbare att klistra in hyperl\u00e4nkar i Word-dokument, vare sig du anv\u00e4nder Word p\u00e5 webben, p\u00e5 din Windows-dator eller p\u00e5 en Mac.<\/p>\n<p><strong>L\u00e4s \u00e4ven:\u00a0<a href=\"https:\/\/www.pcforalla.se\/article\/3019393\/copilot-plus-datorer-kan-nu-automatiskt-ta-fram-bildtexter-i-word-och-powerpoint.html\" rel=\"nofollow noopener\" target=\"_blank\">Copilot Plus-datorer kan nu automatiskt ta fram bildtexter i Word och Powerpoint<\/a><\/strong><\/p>\n<p><img decoding=\"async\" data-wp-class--hide=\"state.isContentHidden\" data-wp-class--show=\"state.isContentVisible\" data-wp-init=\"callbacks.setButtonStyles\" data-wp-on-async--click=\"actions.showLightbox\" data-wp-on-async--load=\"callbacks.setButtonStyles\" data-wp-on-async-window--resize=\"callbacks.setButtonStyles\" src=\"https:\/\/www.europesays.com\/se\/wp-content\/uploads\/2026\/01\/overpaste-hyperlink.gif\" alt=\"Microsoft Word faster hyperlinks\" class=\"wp-image-3028419\" width=\"426\" height=\"240\"  loading=\"lazy\"\/><\/p>\n<p class=\"imageCredit\">Microsoft<\/p>\n<p>F\u00f6r att klistra in en l\u00e4nk i ett Word-dokument kommer du nu bara beh\u00f6va kopiera l\u00e4nken fr\u00e5n en webbl\u00e4sare, markera den text d\u00e4r du vill ha texten i Word-dokumentet och bara klistra in. Den markerade texten kommer d\u00e5 automatiskt att bli en hyperl\u00e4nk.<\/p>\n<p>Den nya l\u00e4nk-funktionen \u00e4r nu tillg\u00e4nglig i Word p\u00e5 webben, och rullas nu ut till version 2511 av Word p\u00e5 Windows samt version 16.104 av Word p\u00e5 Mac.<\/p>\n","protected":false},"excerpt":{"rendered":"Microsoft har meddelat att det nu kommer g\u00e5 mycket snabbare att klistra in hyperl\u00e4nkar i Word-dokument, vare sig&hellip;\n","protected":false},"author":2,"featured_media":130656,"comment_status":"","ping_status":"","sticky":false,"template":"","format":"standard","meta":{"footnotes":""},"categories":[66],"tags":[80,78,79,34,31,33,32,30,81,84,83,82],"class_list":{"0":"post-130655","1":"post","2":"type-post","3":"status-publish","4":"format-standard","5":"has-post-thumbnail","7":"category-vetenskap-och-teknik","8":"tag-science","9":"tag-science-and-technology","10":"tag-scienceandtechnology","11":"tag-se","12":"tag-svenska","13":"tag-sverige","14":"tag-sweden","15":"tag-swedish","16":"tag-technology","17":"tag-teknik","18":"tag-vetenskap","19":"tag-vetenskapteknik"},"share_on_mastodon":{"url":"https:\/\/pubeurope.com\/@se\/115865333482856255","error":""},"_links":{"self":[{"href":"https:\/\/www.europesays.com\/se\/wp-json\/wp\/v2\/posts\/130655","targetHints":{"allow":["GET"]}}],"collection":[{"href":"https:\/\/www.europesays.com\/se\/wp-json\/wp\/v2\/posts"}],"about":[{"href":"https:\/\/www.europesays.com\/se\/wp-json\/wp\/v2\/types\/post"}],"author":[{"embeddable":true,"href":"https:\/\/www.europesays.com\/se\/wp-json\/wp\/v2\/users\/2"}],"replies":[{"embeddable":true,"href":"https:\/\/www.europesays.com\/se\/wp-json\/wp\/v2\/comments?post=130655"}],"version-history":[{"count":0,"href":"https:\/\/www.europesays.com\/se\/wp-json\/wp\/v2\/posts\/130655\/revisions"}],"wp:featuredmedia":[{"embeddable":true,"href":"https:\/\/www.europesays.com\/se\/wp-json\/wp\/v2\/media\/130656"}],"wp:attachment":[{"href":"https:\/\/www.europesays.com\/se\/wp-json\/wp\/v2\/media?parent=130655"}],"wp:term":[{"taxonomy":"category","embeddable":true,"href":"https:\/\/www.europesays.com\/se\/wp-json\/wp\/v2\/categories?post=130655"},{"taxonomy":"post_tag","embeddable":true,"href":"https:\/\/www.europesays.com\/se\/wp-json\/wp\/v2\/tags?post=130655"}],"curies":[{"name":"wp","href":"https:\/\/api.w.org\/{rel}","templated":true}]}}