{"id":130659,"date":"2026-01-09T13:18:26","date_gmt":"2026-01-09T13:18:26","guid":{"rendered":"https:\/\/www.europesays.com\/se\/130659\/"},"modified":"2026-01-09T13:18:26","modified_gmt":"2026-01-09T13:18:26","slug":"trump-om-fredspriset-pinsamt-for-norge-2","status":"publish","type":"post","link":"https:\/\/www.europesays.com\/se\/130659\/","title":{"rendered":"Trump om fredspriset: Pinsamt f\u00f6r Norge"},"content":{"rendered":"<p>share-arrowDela<\/p>\n<p>unsaveSpara<\/p>\n<p>expand-left<\/p>\n<p>helsk\u00e4rm<img decoding=\"async\" class=\"image-asset hyperion-css-u06ts1\" data-test-tag=\"image-asset\" src=\"https:\/\/www.europesays.com\/se\/wp-content\/uploads\/2026\/01\/6d536c46-2c1f-4d27-be15-9f2543b0e046.jpeg\"  alt=\"President Donald Trump. Arkivbild.\"  loading=\"eager\" fetchpriority=\"high\" style=\"aspect-ratio:1900 \/ 1267\"\/>President Donald Trump. Arkivbild. Foto: Alex Brandon\/AP\/TT<\/p>\n<p class=\"hyperion-css-1shl3oz\" data-test-tag=\"lead-text\">USA:s president Donald Trump kan inte sl\u00e4ppa att han inte tilldelats Nobels fredspris.<\/p>\n<p class=\"hyperion-css-1shl3oz\" data-test-tag=\"lead-text\">\u2013 Det \u00e4r v\u00e4ldigt pinsamt f\u00f6r Norge, s\u00e4ger Trump i en intervju med Fox News.<\/p>\n<p class=\"hyperion-css-1v9qo5x\">Trump talar \u00e5terkommande om att han borde tilldelas fredspriset f\u00f6r sina fredsm\u00e4klande insatser. N\u00e4r \u00e4mnet kommer p\u00e5 tal i Fox News-intervjun kritiserar han Norge och Norska Nobelkommitt\u00e9n.<\/p>\n<p class=\"hyperion-css-1v9qo5x\">\u2013 Jag vet inte vad Norge har med det att g\u00f6ra, men det \u00e4r d\u00e4r kommitt\u00e9n sitter. M\u00e5nga \u00e4r norrm\u00e4n. Och det har varit en v\u00e4ldigt stor pinsamhet f\u00f6r landet Norge, oavsett om de har n\u00e5got med det att g\u00f6ra eller inte \u2013 jag tror att de har det, de s\u00e4ger att de inte har det, s\u00e4ger Trump.<\/p>\n<p class=\"hyperion-css-1v9qo5x\">Presidenten h\u00e4vdar att han personligen stoppat \u00e5tta krig och att han \u201di teorin\u201d borde f\u00e5 ett fredspris f\u00f6r varje konflikt.<\/p>\n<p class=\"hyperion-css-1v9qo5x\">\u2013 Jag har r\u00e4ddat miljontals liv, s\u00e4ger Trump.<\/p>\n<p class=\"hyperion-css-1v9qo5x\">Krigen Trump syftar p\u00e5 \u00e4r bland annat konflikterna mellan Kambodja och Thailand, Israel och Iran, Rwanda och Kongo-Kinshasa samt Indien och Pakistan. Kritiker har p\u00e5pekat att flera av konflikterna slutat med eldupph\u00f6r, inte varaktig fred, och vissa har snabbt \u00e5terupptagits.<\/p>\n<p class=\"hyperion-css-1v9qo5x\">\u00c5rets fredspristagare, den venezuelanska oppositionspolitikern Mar\u00eda Corina Machado, har sagt att hon vill dela sitt pris med Trump. De b\u00e5da v\u00e4ntas tr\u00e4ffas i n\u00e4sta vecka.<\/p>\n","protected":false},"excerpt":{"rendered":"share-arrowDela unsaveSpara expand-left helsk\u00e4rmPresident Donald Trump. Arkivbild. Foto: Alex Brandon\/AP\/TT USA:s president Donald Trump kan inte sl\u00e4ppa att&hellip;\n","protected":false},"author":2,"featured_media":130660,"comment_status":"","ping_status":"","sticky":false,"template":"","format":"standard","meta":{"footnotes":""},"categories":[14],"tags":[22,23,26,27,17,21,24,25,28,29,15,16,18,34,31,33,32,30,19,20,51,52,53,54],"class_list":{"0":"post-130659","1":"post","2":"type-post","3":"status-publish","4":"format-standard","5":"has-post-thumbnail","7":"category-varlden","8":"tag-breaking-news","9":"tag-breakingnews","10":"tag-featured-news","11":"tag-featurednews","12":"tag-headlines","13":"tag-huvudnyheter","14":"tag-latest-news","15":"tag-latestnews","16":"tag-main-news","17":"tag-mainnews","18":"tag-news","19":"tag-nyheter","20":"tag-rubriker","21":"tag-se","22":"tag-svenska","23":"tag-sverige","24":"tag-sweden","25":"tag-swedish","26":"tag-top-stories","27":"tag-topstories","28":"tag-varlden","29":"tag-world","30":"tag-world-news","31":"tag-worldnews"},"share_on_mastodon":{"url":"https:\/\/pubeurope.com\/@se\/115865341361283009","error":""},"_links":{"self":[{"href":"https:\/\/www.europesays.com\/se\/wp-json\/wp\/v2\/posts\/130659","targetHints":{"allow":["GET"]}}],"collection":[{"href":"https:\/\/www.europesays.com\/se\/wp-json\/wp\/v2\/posts"}],"about":[{"href":"https:\/\/www.europesays.com\/se\/wp-json\/wp\/v2\/types\/post"}],"author":[{"embeddable":true,"href":"https:\/\/www.europesays.com\/se\/wp-json\/wp\/v2\/users\/2"}],"replies":[{"embeddable":true,"href":"https:\/\/www.europesays.com\/se\/wp-json\/wp\/v2\/comments?post=130659"}],"version-history":[{"count":0,"href":"https:\/\/www.europesays.com\/se\/wp-json\/wp\/v2\/posts\/130659\/revisions"}],"wp:featuredmedia":[{"embeddable":true,"href":"https:\/\/www.europesays.com\/se\/wp-json\/wp\/v2\/media\/130660"}],"wp:attachment":[{"href":"https:\/\/www.europesays.com\/se\/wp-json\/wp\/v2\/media?parent=130659"}],"wp:term":[{"taxonomy":"category","embeddable":true,"href":"https:\/\/www.europesays.com\/se\/wp-json\/wp\/v2\/categories?post=130659"},{"taxonomy":"post_tag","embeddable":true,"href":"https:\/\/www.europesays.com\/se\/wp-json\/wp\/v2\/tags?post=130659"}],"curies":[{"name":"wp","href":"https:\/\/api.w.org\/{rel}","templated":true}]}}