{"id":130661,"date":"2026-01-09T13:19:08","date_gmt":"2026-01-09T13:19:08","guid":{"rendered":"https:\/\/www.europesays.com\/se\/130661\/"},"modified":"2026-01-09T13:19:08","modified_gmt":"2026-01-09T13:19:08","slug":"ny-karttjanst-visar-hjartstartare-i-lulea-kommun","status":"publish","type":"post","link":"https:\/\/www.europesays.com\/se\/130661\/","title":{"rendered":"Ny karttj\u00e4nst visar hj\u00e4rtstartare i Lule\u00e5 kommun"},"content":{"rendered":"<p class=\"normal\">F\u00f6r att \u00f6ka tillg\u00e4ngligheten och tryggheten har Lule\u00e5 kommun nu publicerat information om alla registrerade hj\u00e4rtstartare i kommunen i Kommunkartan. Aktuellt antal registrerade hj\u00e4rtstartare (2026-01-09) \u00e4r: 223 stycken<\/p>\n<p class=\"normal\">Hj\u00e4rtstartarna finns som ett nytt kartlager under \u201dBoende &amp; milj\u00f6\u201d, vilket g\u00f6r det enkelt f\u00f6r inv\u00e5nare att hitta n\u00e4rmaste hj\u00e4rtstartare.<\/p>\n<p class=\"normal\">Peter Ekman, sektionschef Geodata, kommenterar satsningen:<br \/>\u2013 Mycket bra och ytterligare samh\u00e4llsviktig och bra information till v\u00e5ra medborgare.<\/p>\n","protected":false},"excerpt":{"rendered":"F\u00f6r att \u00f6ka tillg\u00e4ngligheten och tryggheten har Lule\u00e5 kommun nu publicerat information om alla registrerade hj\u00e4rtstartare i kommunen&hellip;\n","protected":false},"author":2,"featured_media":130662,"comment_status":"","ping_status":"","sticky":false,"template":"","format":"standard","meta":{"footnotes":""},"categories":[12],"tags":[22,23,26,27,17,21,24,25,28,29,15,16,18,34,31,33,32,30,19,20],"class_list":{"0":"post-130661","1":"post","2":"type-post","3":"status-publish","4":"format-standard","5":"has-post-thumbnail","7":"category-sverige","8":"tag-breaking-news","9":"tag-breakingnews","10":"tag-featured-news","11":"tag-featurednews","12":"tag-headlines","13":"tag-huvudnyheter","14":"tag-latest-news","15":"tag-latestnews","16":"tag-main-news","17":"tag-mainnews","18":"tag-news","19":"tag-nyheter","20":"tag-rubriker","21":"tag-se","22":"tag-svenska","23":"tag-sverige","24":"tag-sweden","25":"tag-swedish","26":"tag-top-stories","27":"tag-topstories"},"share_on_mastodon":{"url":"https:\/\/pubeurope.com\/@se\/115865345228530691","error":""},"_links":{"self":[{"href":"https:\/\/www.europesays.com\/se\/wp-json\/wp\/v2\/posts\/130661","targetHints":{"allow":["GET"]}}],"collection":[{"href":"https:\/\/www.europesays.com\/se\/wp-json\/wp\/v2\/posts"}],"about":[{"href":"https:\/\/www.europesays.com\/se\/wp-json\/wp\/v2\/types\/post"}],"author":[{"embeddable":true,"href":"https:\/\/www.europesays.com\/se\/wp-json\/wp\/v2\/users\/2"}],"replies":[{"embeddable":true,"href":"https:\/\/www.europesays.com\/se\/wp-json\/wp\/v2\/comments?post=130661"}],"version-history":[{"count":0,"href":"https:\/\/www.europesays.com\/se\/wp-json\/wp\/v2\/posts\/130661\/revisions"}],"wp:featuredmedia":[{"embeddable":true,"href":"https:\/\/www.europesays.com\/se\/wp-json\/wp\/v2\/media\/130662"}],"wp:attachment":[{"href":"https:\/\/www.europesays.com\/se\/wp-json\/wp\/v2\/media?parent=130661"}],"wp:term":[{"taxonomy":"category","embeddable":true,"href":"https:\/\/www.europesays.com\/se\/wp-json\/wp\/v2\/categories?post=130661"},{"taxonomy":"post_tag","embeddable":true,"href":"https:\/\/www.europesays.com\/se\/wp-json\/wp\/v2\/tags?post=130661"}],"curies":[{"name":"wp","href":"https:\/\/api.w.org\/{rel}","templated":true}]}}