{"id":130667,"date":"2026-01-09T13:25:19","date_gmt":"2026-01-09T13:25:19","guid":{"rendered":"https:\/\/www.europesays.com\/se\/130667\/"},"modified":"2026-01-09T13:25:19","modified_gmt":"2026-01-09T13:25:19","slug":"pareto-hogt-stallda-forvantningar-pa-clas-ohlson-efter-senaste-forsaljningssiffra","status":"publish","type":"post","link":"https:\/\/www.europesays.com\/se\/130667\/","title":{"rendered":"Pareto: H\u00f6gt st\u00e4llda f\u00f6rv\u00e4ntningar p\u00e5 Clas Ohlson efter senaste f\u00f6rs\u00e4ljningssiffra"},"content":{"rendered":"<p class=\"font-sans text-base text-text-main dark:text-text-main-dark font-normal leading-[1.4]\">Pareto Securities anser att f\u00f6rv\u00e4ntningarna verkar nu vara h\u00f6gt st\u00e4llda p\u00e5 hemfixarkedjan Clas Ohlson att n\u00e5 den estimerade f\u00f6rs\u00e4ljningen under det tredje kvartalet i det brutna r\u00e4kenskaps\u00e5ret.\n <\/p>\n<p>Analyshuset skriver detta i en kommentar efter att bolagets f\u00f6rs\u00e4ljning \u00f6kat i \u00e5rstakt med 5 procent till 1 676 miljoner kronor under december. Det \u00e4r 1,9 procentenheter l\u00e4gre \u00e4n vad Pareto f\u00f6rv\u00e4ntat sig.\n <\/p>\n<p>Kombinerat med den svagare \u00e4n den v\u00e4ntade f\u00f6rs\u00e4ljningen i november m\u00e5ste Clas Ohlson uppvisa en f\u00f6rs\u00e4ljnings\u00f6kning p\u00e5 cirka 12 procent f\u00f6r januari f\u00f6r att n\u00e5 Q3-estimatet p\u00e5 4 085 miljoner kronor, vilket bed\u00f6ms bli tufft.\n <\/p>\n<p>Pareto har rekommendationen beh\u00e5ll och riktkursen 325 kronor.\n <\/p>\n<p>Clas Ohlson faller 0,5 procent.<br \/>\n <br class=\"col-start-2\"\/><\/p>\n<p class=\"font-sans text-base text-text-main dark:text-text-main-dark font-normal leading-[1.4]\">Reno Santic<br \/>\n <br class=\"col-start-2\"\/><br \/>\n Nyhetsbyr\u00e5n Finwire<br \/>\n <br class=\"col-start-2\"\/><br \/>\n <a class=\"twitter-timeline\" data-width=\"1200\" data-height=\"1000\" data-dnt=\"true\" href=\"https:\/\/twitter.com\/Finwire?ref_src=twsrc%5Etfw\" rel=\"nofollow noopener\" target=\"_blank\">Tweets by Finwire<\/a><script async src=\"https:\/\/platform.twitter.com\/widgets.js\" charset=\"utf-8\"><\/script><br \/>\n <br class=\"col-start-2\"\/><br \/>\n newsroom@finwire.se<\/p>\n<p><script async src=\"https:\/\/platform.twitter.com\/widgets.js\" charset=\"utf-8\"><\/script><\/p>\n","protected":false},"excerpt":{"rendered":"Pareto Securities anser att f\u00f6rv\u00e4ntningarna verkar nu vara h\u00f6gt st\u00e4llda p\u00e5 hemfixarkedjan Clas Ohlson att n\u00e5 den estimerade&hellip;\n","protected":false},"author":2,"featured_media":119816,"comment_status":"","ping_status":"","sticky":false,"template":"","format":"standard","meta":{"footnotes":""},"categories":[65],"tags":[72,70,71,34,31,33,32,30],"class_list":{"0":"post-130667","1":"post","2":"type-post","3":"status-publish","4":"format-standard","5":"has-post-thumbnail","7":"category-ekonomi","8":"tag-business","9":"tag-economy","10":"tag-ekonomi","11":"tag-se","12":"tag-svenska","13":"tag-sverige","14":"tag-sweden","15":"tag-swedish"},"share_on_mastodon":{"url":"https:\/\/pubeurope.com\/@se\/115865368854350712","error":""},"_links":{"self":[{"href":"https:\/\/www.europesays.com\/se\/wp-json\/wp\/v2\/posts\/130667","targetHints":{"allow":["GET"]}}],"collection":[{"href":"https:\/\/www.europesays.com\/se\/wp-json\/wp\/v2\/posts"}],"about":[{"href":"https:\/\/www.europesays.com\/se\/wp-json\/wp\/v2\/types\/post"}],"author":[{"embeddable":true,"href":"https:\/\/www.europesays.com\/se\/wp-json\/wp\/v2\/users\/2"}],"replies":[{"embeddable":true,"href":"https:\/\/www.europesays.com\/se\/wp-json\/wp\/v2\/comments?post=130667"}],"version-history":[{"count":0,"href":"https:\/\/www.europesays.com\/se\/wp-json\/wp\/v2\/posts\/130667\/revisions"}],"wp:featuredmedia":[{"embeddable":true,"href":"https:\/\/www.europesays.com\/se\/wp-json\/wp\/v2\/media\/119816"}],"wp:attachment":[{"href":"https:\/\/www.europesays.com\/se\/wp-json\/wp\/v2\/media?parent=130667"}],"wp:term":[{"taxonomy":"category","embeddable":true,"href":"https:\/\/www.europesays.com\/se\/wp-json\/wp\/v2\/categories?post=130667"},{"taxonomy":"post_tag","embeddable":true,"href":"https:\/\/www.europesays.com\/se\/wp-json\/wp\/v2\/tags?post=130667"}],"curies":[{"name":"wp","href":"https:\/\/api.w.org\/{rel}","templated":true}]}}