{"id":130668,"date":"2026-01-09T13:27:09","date_gmt":"2026-01-09T13:27:09","guid":{"rendered":"https:\/\/www.europesays.com\/se\/130668\/"},"modified":"2026-01-09T13:27:09","modified_gmt":"2026-01-09T13:27:09","slug":"det-ar-framat-som-vi-ser-den-storsta-potentialen-for-innovation-fastighetstidningen","status":"publish","type":"post","link":"https:\/\/www.europesays.com\/se\/130668\/","title":{"rendered":"\u201dDet \u00e4r fram\u00e5t som vi ser den st\u00f6rsta potentialen f\u00f6r innovation\u201d \u2013 Fastighetstidningen"},"content":{"rendered":"<p><strong>\u00c5rets finalister <\/strong>till Studentbostadspriset, som delas ut av branschorganisationen Studentbostadsf\u00f6retagen, har nu tillk\u00e4nnagetts. Finalisterna Aquila (Akademiska Hus), Remus (Akademiska Hus) och Valvik (Byggvesta) representerar b\u00e5de nybyggnation och \u00e5terbruk.<\/p>\n<p>Detta \u00e4r de f\u00f6rsta finalisterna att utses efter det nya regelverket f\u00f6r studentl\u00e4genheter tr\u00e4dde i kraft 1 juli 2025. Stina Ol\u00e9n, vd p\u00e5 Studentbostadsf\u00f6retagen, ser stor potential i de nya byggreglerna, s\u00e4rskilt n\u00e4r det g\u00e4ller att skapa innovativa l\u00f6sningar f\u00f6r studentbost\u00e4der.<\/p>\n<p style=\"font-size:14px; font-family:'Open Sans',sans-serif; color:grey\">[ Annons ]<\/p>\n<p><a data-track=\"MTgwLDMsNjA=\" class=\"annons_mitten gofollow\" href=\"https:\/\/www.fastighetsagarna.se\/utbildning\/\" rel=\"nofollow noopener\" target=\"_blank\"><img data-lazyloaded=\"1\" decoding=\"async\" src=\"https:\/\/www.europesays.com\/se\/wp-content\/uploads\/2025\/12\/webb-banner-senaste-kunskap-600x360-1.jpg\"\/><\/a><\/p>\n<p>\u2013 Vi ser ju redan nu hur de h\u00e4r projekten utmanar hur vi t\u00e4nker kring ytor och funktioner i studentbost\u00e4der. Bland annat vill man skapa fler m\u00f6tesplatser och samvaro f\u00f6r att \u00f6ka gemenskapen i en tid d\u00e4r m\u00e5nga bor ensamma, s\u00e4ger hon.<\/p>\n<p>Runt om i landet p\u00e5g\u00e5r arbetet med att applicera de nya reglerna i b\u00e5de ny- och ombyggnationer. F\u00f6rst ut med att skicka in en bygglovsans\u00f6kan var Chalmers Studentbost\u00e4der med projektet Nya Holtermanska.<\/p>\n<p><strong>\u00c4ven om \u00e5rets <\/strong>finalistprojekt \u00e4r byggda f\u00f6re de nya reglerna tr\u00e4dde i kraft, finns det enligt Stina Ol\u00e9n tydliga exempel p\u00e5 hur den nya lagstiftningen p\u00e5verkar byggprocessen. I Remus-projektet ser hon exempel p\u00e5 hur de nya tillg\u00e4nglighetskraven kan nyttjas och man kan \u00e5terbruka byggnader mer.<\/p>\n<p>\u2013 \u00c4ven om projekten inte kunnat nyttja de nya reglerna, ser vi hur de m\u00f6jligg\u00f6r mer effektiva l\u00f6sningar, s\u00e4ger Stina Ol\u00e9n<\/p>\n<p>I en <a href=\"https:\/\/fastighetstidningen.se\/nyhet\/sa-kan-nya-regler-ge-battre-och-billigare-studentbostader\/\" rel=\"nofollow noopener\" target=\"_blank\">tidigare artikel<\/a> var Fastighetstidningen p\u00e5 plats n\u00e4r Akademiska Hus, som \u00e4r nominerade f\u00f6r tv\u00e5 projekt i \u00e5rets Studentbostadspris, unders\u00f6kte vad de d\u00e5 f\u00f6reslagna regel\u00e4ndringarna f\u00f6r studentbost\u00e4der kunde ge f\u00f6r effekt.<\/p>\n<p>\u2013 Med de nya reglerna kan vi egentligen skapa mer bostadsfunktioner p\u00e5 samma yta. Vi kan f\u00e5 plats med ett st\u00f6rre k\u00f6k och en matplats och studieplats i en 16 kvadratmeter stor bostad, vilket inte \u00e4r m\u00f6jligt idag, sa Linda Teng p\u00e5 Akademiska Hus till Fastighetstidningen.<\/p>\n<p><strong>F\u00f6r framtida projekt<\/strong> sp\u00e5r Stina Ol\u00e9n  att de nya reglerna kommer att ha en stor p\u00e5verkan.<\/p>\n<p>\u2013 Det \u00e4r fram\u00e5t som vi ser den st\u00f6rsta potentialen f\u00f6r innovation. Det \u00e4r f\u00f6rst nu n\u00e4r de nya reglerna \u00e4r p\u00e5 plats som branschen kan utforska till\u00e4mpningen och p\u00e5 riktigt vara innovativ i hur vi bygger studentbost\u00e4der. Det blir v\u00e4ldigt sp\u00e4nnande att f\u00f6lja utvecklingen de kommande \u00e5ren, s\u00e4ger hon.<\/p>\n","protected":false},"excerpt":{"rendered":"\u00c5rets finalister till Studentbostadspriset, som delas ut av branschorganisationen Studentbostadsf\u00f6retagen, har nu tillk\u00e4nnagetts. Finalisterna Aquila (Akademiska Hus), Remus&hellip;\n","protected":false},"author":2,"featured_media":130669,"comment_status":"","ping_status":"","sticky":false,"template":"","format":"standard","meta":{"footnotes":""},"categories":[12],"tags":[22,23,26,27,17,21,24,25,28,29,15,16,18,34,31,33,32,30,19,20],"class_list":{"0":"post-130668","1":"post","2":"type-post","3":"status-publish","4":"format-standard","5":"has-post-thumbnail","7":"category-sverige","8":"tag-breaking-news","9":"tag-breakingnews","10":"tag-featured-news","11":"tag-featurednews","12":"tag-headlines","13":"tag-huvudnyheter","14":"tag-latest-news","15":"tag-latestnews","16":"tag-main-news","17":"tag-mainnews","18":"tag-news","19":"tag-nyheter","20":"tag-rubriker","21":"tag-se","22":"tag-svenska","23":"tag-sverige","24":"tag-sweden","25":"tag-swedish","26":"tag-top-stories","27":"tag-topstories"},"share_on_mastodon":{"url":"https:\/\/pubeurope.com\/@se\/115865376719056155","error":""},"_links":{"self":[{"href":"https:\/\/www.europesays.com\/se\/wp-json\/wp\/v2\/posts\/130668","targetHints":{"allow":["GET"]}}],"collection":[{"href":"https:\/\/www.europesays.com\/se\/wp-json\/wp\/v2\/posts"}],"about":[{"href":"https:\/\/www.europesays.com\/se\/wp-json\/wp\/v2\/types\/post"}],"author":[{"embeddable":true,"href":"https:\/\/www.europesays.com\/se\/wp-json\/wp\/v2\/users\/2"}],"replies":[{"embeddable":true,"href":"https:\/\/www.europesays.com\/se\/wp-json\/wp\/v2\/comments?post=130668"}],"version-history":[{"count":0,"href":"https:\/\/www.europesays.com\/se\/wp-json\/wp\/v2\/posts\/130668\/revisions"}],"wp:featuredmedia":[{"embeddable":true,"href":"https:\/\/www.europesays.com\/se\/wp-json\/wp\/v2\/media\/130669"}],"wp:attachment":[{"href":"https:\/\/www.europesays.com\/se\/wp-json\/wp\/v2\/media?parent=130668"}],"wp:term":[{"taxonomy":"category","embeddable":true,"href":"https:\/\/www.europesays.com\/se\/wp-json\/wp\/v2\/categories?post=130668"},{"taxonomy":"post_tag","embeddable":true,"href":"https:\/\/www.europesays.com\/se\/wp-json\/wp\/v2\/tags?post=130668"}],"curies":[{"name":"wp","href":"https:\/\/api.w.org\/{rel}","templated":true}]}}