{"id":13067,"date":"2025-08-25T08:25:07","date_gmt":"2025-08-25T08:25:07","guid":{"rendered":"https:\/\/www.europesays.com\/se\/13067\/"},"modified":"2025-08-25T08:25:07","modified_gmt":"2025-08-25T08:25:07","slug":"ivo-mammini-klarade-inte-aiks-lakarundersokning-allsvenskan","status":"publish","type":"post","link":"https:\/\/www.europesays.com\/se\/13067\/","title":{"rendered":"Ivo Mammini klarade inte AIK:s l\u00e4karunders\u00f6kning | Allsvenskan"},"content":{"rendered":"<p>Publicerad 25 aug 2025 kl 09.46<\/p>\n<p>Det blir ingen Ivo Mammini till AIK denna sommar.<\/p>\n<p>Anfallaren har inte klarat l\u00e4karunders\u00f6kningen i Stockholm och AIK har nu beslutat att titta p\u00e5 andra offensiva sp\u00e5r, enligt uppgifter till Expressen.<\/p>\n<p><img   alt=\"\"\/> <\/p>\n<p>Foto: JUAN MABROMATA \/ AFP TT NYHETSBYR\u00c5N<\/p>\n<p>\u00d6ppna bild i helsk\u00e4rm<\/p>\n<p>I f\u00f6rra veckan avsl\u00f6jade argentinska medier att AIK var p\u00e5 v\u00e4g att v\u00e4rva den argentinska anfallaren Ivo Mammini fr\u00e5n Gimnasia \u2013 d\u00e4r prislappen skulle landa p\u00e5 2,8 miljoner.<\/p>\n<p><a href=\"https:\/\/www.expressen.se\/sport\/fotboll\/allsvenskan\/ivo-mammini-till-aik-argentinaren-muntligt-overens-med-gnaget\/\" rel=\"nofollow noopener\" target=\"_blank\">Expressen<\/a> n\u00e5ddes samtidigt av uppgifter att klubbarna endast var muntligt \u00f6verens, och att en aff\u00e4r inte var klar \u00e4nnu. Detta eftersom Mammini inte genomg\u00e5tt l\u00e4karunders\u00f6kningen.<\/p>\n<p>\u201dG\u00f6ra en ordentlig check\u201d<\/p>\n<p>AIK:s head of recruitment Fredrik Wisur Hansen bekr\u00e4ftade f\u00f6r <a href=\"https:\/\/www.fotbollskanalen.se\/allsvenskan\/aik-bekraftar-nara-nyforvarv-och-jagar-fler\/\" rel=\"nofollow noopener\" target=\"_blank\">Fotbollskanalen<\/a> i slutet p\u00e5 f\u00f6rra veckan att forwarden skulle l\u00e4karunders\u00f6kas.<\/p>\n<p>\u2013 Vi \u00e4r ganska n\u00e4ra. S\u00e5 f\u00e5r vi se om vi f\u00e5r den \u00f6ver m\u00e5llinjen, sa norrmannen till Fotbollskanalen och fortsatte kommentera Mamminis tidigare kn\u00e4skada.<\/p>\n<p>\u2013 Det har bara varit en skada men vi beh\u00f6ver s\u00e5 klart g\u00f6ra en ordentlig check. Han ska l\u00e4karunders\u00f6kas runt helgen.\u00a0<\/p>\n<p>Klarade inte medical<\/p>\n<p>Men n\u00e5gon \u00f6verg\u00e5ng till kommer inte att bli av f\u00f6r argentinaren. Enligt uppgifter till Expressen har Ivo Mammini inte klarat l\u00e4karunders\u00f6kningen hos AIK under helgen.<\/p>\n<p>AIK har d\u00e4rmed beslutat att st\u00e4nga det argentinska sp\u00e5ret \u2013 och g\u00e5 vidare med andra potentiella sp\u00e5r. I st\u00e4llet \u00e4r ett k\u00f6p av Axel Kouame fr\u00e5n FC Inter Turku av h\u00f6g prioritet.<\/p>\n<p><a href=\"https:\/\/www.expressen.se\/sport\/fotboll\/allsvenskan\/aik-har-lagt-bud-pa-axel-kouame\/\" rel=\"nofollow noopener\" target=\"_blank\">Expressen avsl\u00f6jade under s\u00f6ndagen att AIK lagt ett bud p\u00e5 Kouame <\/a>och att klubbarna f\u00f6rhandlade \u2013 och enligt nya k\u00e4llor ska parterna n\u00e4rma sig en l\u00f6sning.<\/p>\n<p>Det \u00e5terst\u00e5r att se ifall det blir en ny nia till AIK innan transferf\u00f6nstret st\u00e4nger p\u00e5 fredag.<\/p>\n","protected":false},"excerpt":{"rendered":"Publicerad 25 aug 2025 kl 09.46 Det blir ingen Ivo Mammini till AIK denna sommar. Anfallaren har inte&hellip;\n","protected":false},"author":2,"featured_media":13068,"comment_status":"","ping_status":"","sticky":false,"template":"","format":"standard","meta":{"footnotes":""},"categories":[5],"tags":[22,23,26,27,17,21,24,25,28,29,15,16,131,18,34,130,129,31,33,32,30,19,20],"class_list":{"0":"post-13067","1":"post","2":"type-post","3":"status-publish","4":"format-standard","5":"has-post-thumbnail","7":"category-rubriker","8":"tag-breaking-news","9":"tag-breakingnews","10":"tag-featured-news","11":"tag-featurednews","12":"tag-headlines","13":"tag-huvudnyheter","14":"tag-latest-news","15":"tag-latestnews","16":"tag-main-news","17":"tag-mainnews","18":"tag-news","19":"tag-nyheter","20":"tag-organization-aik-fotboll","21":"tag-rubriker","22":"tag-se","23":"tag-sections-allsvenskan","24":"tag-sections-fotboll","25":"tag-svenska","26":"tag-sverige","27":"tag-sweden","28":"tag-swedish","29":"tag-top-stories","30":"tag-topstories"},"share_on_mastodon":{"url":"","error":""},"_links":{"self":[{"href":"https:\/\/www.europesays.com\/se\/wp-json\/wp\/v2\/posts\/13067","targetHints":{"allow":["GET"]}}],"collection":[{"href":"https:\/\/www.europesays.com\/se\/wp-json\/wp\/v2\/posts"}],"about":[{"href":"https:\/\/www.europesays.com\/se\/wp-json\/wp\/v2\/types\/post"}],"author":[{"embeddable":true,"href":"https:\/\/www.europesays.com\/se\/wp-json\/wp\/v2\/users\/2"}],"replies":[{"embeddable":true,"href":"https:\/\/www.europesays.com\/se\/wp-json\/wp\/v2\/comments?post=13067"}],"version-history":[{"count":0,"href":"https:\/\/www.europesays.com\/se\/wp-json\/wp\/v2\/posts\/13067\/revisions"}],"wp:featuredmedia":[{"embeddable":true,"href":"https:\/\/www.europesays.com\/se\/wp-json\/wp\/v2\/media\/13068"}],"wp:attachment":[{"href":"https:\/\/www.europesays.com\/se\/wp-json\/wp\/v2\/media?parent=13067"}],"wp:term":[{"taxonomy":"category","embeddable":true,"href":"https:\/\/www.europesays.com\/se\/wp-json\/wp\/v2\/categories?post=13067"},{"taxonomy":"post_tag","embeddable":true,"href":"https:\/\/www.europesays.com\/se\/wp-json\/wp\/v2\/tags?post=13067"}],"curies":[{"name":"wp","href":"https:\/\/api.w.org\/{rel}","templated":true}]}}