{"id":130674,"date":"2026-01-09T13:33:16","date_gmt":"2026-01-09T13:33:16","guid":{"rendered":"https:\/\/www.europesays.com\/se\/130674\/"},"modified":"2026-01-09T13:33:16","modified_gmt":"2026-01-09T13:33:16","slug":"ubs-ser-risker-pa-uppsidan-infor-saabs-q4-rapport-hojer-riktkursen","status":"publish","type":"post","link":"https:\/\/www.europesays.com\/se\/130674\/","title":{"rendered":"UBS ser risker p\u00e5 uppsidan inf\u00f6r Saabs Q4-rapport, h\u00f6jer riktkursen"},"content":{"rendered":"<p class=\"font-sans text-base text-text-main dark:text-text-main-dark font-normal leading-[1.4]\">UBS h\u00f6jer riktkursen f\u00f6r f\u00f6rsvarsbolaget Saab till 710 kronor (660), samtidigt som k\u00f6pr\u00e5det upprepas.\n <\/p>\n<p>I analysen st\u00e5r det att banken ser risker p\u00e5 uppsidan inf\u00f6r Q4-rapporten, som sl\u00e4pps den 5 februari, drivet av en fortsatt styrka inom Dynamics och Surveillance.\n <\/p>\n<p>&#8221;Som ett resultat av detta modellerar vi organisk f\u00f6rs\u00e4ljningstillv\u00e4xt i den \u00f6vre delen av prognosintervallet&#8221;, till\u00e4gger UBS.\n <\/p>\n<p>Vad g\u00e4ller guidningen f\u00f6r 2026 v\u00e4ntas den troligen bli kommunicerad i samband med rapporten. F\u00f6rv\u00e4ntningarna \u00e4r att Saab presenterar samma guidning som gavs f\u00f6r 2025 i samband med bokslutet f\u00f6r 2024.\n <\/p>\n<p>N\u00e4r det kommer till m\u00e5len p\u00e5 medell\u00e5ng sikt v\u00e4ntas de troligen inte bli tillk\u00e4nnagivna i samband med bokslutet, utan vid en potentiell kapitalmarknadsdag senare under \u00e5ret.\n <\/p>\n<p>Saabs aktie har rusat med 185 procent de senaste tolv m\u00e5naderna.<br \/>\n <br class=\"col-start-2\"\/><\/p>\n<p class=\"font-sans text-base text-text-main dark:text-text-main-dark font-normal leading-[1.4]\">Reno Santic<br \/>\n <br class=\"col-start-2\"\/><br \/>\n Nyhetsbyr\u00e5n Finwire<br \/>\n <br class=\"col-start-2\"\/><br \/>\n <a class=\"twitter-timeline\" data-width=\"1200\" data-height=\"1000\" data-dnt=\"true\" href=\"https:\/\/twitter.com\/Finwire?ref_src=twsrc%5Etfw\" rel=\"nofollow noopener\" target=\"_blank\">Tweets by Finwire<\/a><script async src=\"https:\/\/platform.twitter.com\/widgets.js\" charset=\"utf-8\"><\/script><br \/>\n <br class=\"col-start-2\"\/><br \/>\n newsroom@finwire.se<\/p>\n<p><script async src=\"https:\/\/platform.twitter.com\/widgets.js\" charset=\"utf-8\"><\/script><\/p>\n","protected":false},"excerpt":{"rendered":"UBS h\u00f6jer riktkursen f\u00f6r f\u00f6rsvarsbolaget Saab till 710 kronor (660), samtidigt som k\u00f6pr\u00e5det upprepas. I analysen st\u00e5r det&hellip;\n","protected":false},"author":2,"featured_media":119816,"comment_status":"","ping_status":"","sticky":false,"template":"","format":"standard","meta":{"footnotes":""},"categories":[65],"tags":[72,70,71,34,31,33,32,30],"class_list":{"0":"post-130674","1":"post","2":"type-post","3":"status-publish","4":"format-standard","5":"has-post-thumbnail","7":"category-ekonomi","8":"tag-business","9":"tag-economy","10":"tag-ekonomi","11":"tag-se","12":"tag-svenska","13":"tag-sverige","14":"tag-sweden","15":"tag-swedish"},"share_on_mastodon":{"url":"https:\/\/pubeurope.com\/@se\/115865400275423816","error":""},"_links":{"self":[{"href":"https:\/\/www.europesays.com\/se\/wp-json\/wp\/v2\/posts\/130674","targetHints":{"allow":["GET"]}}],"collection":[{"href":"https:\/\/www.europesays.com\/se\/wp-json\/wp\/v2\/posts"}],"about":[{"href":"https:\/\/www.europesays.com\/se\/wp-json\/wp\/v2\/types\/post"}],"author":[{"embeddable":true,"href":"https:\/\/www.europesays.com\/se\/wp-json\/wp\/v2\/users\/2"}],"replies":[{"embeddable":true,"href":"https:\/\/www.europesays.com\/se\/wp-json\/wp\/v2\/comments?post=130674"}],"version-history":[{"count":0,"href":"https:\/\/www.europesays.com\/se\/wp-json\/wp\/v2\/posts\/130674\/revisions"}],"wp:featuredmedia":[{"embeddable":true,"href":"https:\/\/www.europesays.com\/se\/wp-json\/wp\/v2\/media\/119816"}],"wp:attachment":[{"href":"https:\/\/www.europesays.com\/se\/wp-json\/wp\/v2\/media?parent=130674"}],"wp:term":[{"taxonomy":"category","embeddable":true,"href":"https:\/\/www.europesays.com\/se\/wp-json\/wp\/v2\/categories?post=130674"},{"taxonomy":"post_tag","embeddable":true,"href":"https:\/\/www.europesays.com\/se\/wp-json\/wp\/v2\/tags?post=130674"}],"curies":[{"name":"wp","href":"https:\/\/api.w.org\/{rel}","templated":true}]}}