{"id":130683,"date":"2026-01-09T13:43:25","date_gmt":"2026-01-09T13:43:25","guid":{"rendered":"https:\/\/www.europesays.com\/se\/130683\/"},"modified":"2026-01-09T13:43:25","modified_gmt":"2026-01-09T13:43:25","slug":"skolor-haller-stangt-orange-snovarning-i-norr","status":"publish","type":"post","link":"https:\/\/www.europesays.com\/se\/130683\/","title":{"rendered":"Skolor h\u00e5ller st\u00e4ngt \u2013 orange sn\u00f6varning i norr"},"content":{"rendered":"<p>Den r\u00f6da varningen, som str\u00e4ckte sig fr\u00e5n strax s\u00f6der om H\u00e4rn\u00f6sand, rakt upp till omr\u00e5det v\u00e4ster om \u00d6rnsk\u00f6ldsvik, togs bort vid 6-tiden p\u00e5 fredagsmorgonen.<\/p>\n<p>L\u00e4get \u00e4r dock fortfarande orange och mycket sn\u00f6 har fallit under natten.<\/p>\n<p>Ett VMA om att inte ge sig ut i trafiken ligger kvar. Risken att bli stillast\u00e5ende \u00e4r fortfarande mycket h\u00f6g.<\/p>\n<p><strong>I flera av<\/strong> V\u00e4sternorrlands kommuner p\u00e5verkas samh\u00e4llsservicen under fredagen, bland annat h\u00e5ller gymnasieskolan i H\u00e4rn\u00f6sand st\u00e4ngt och andra skolor bedriver fj\u00e4rrundervisning. Skolskjuts och busstrafik p\u00e5verkas kraftigt och i Kramfors v\u00e4djar kommunen till f\u00f6r\u00e4ldrar att l\u00e5ta barnen vara hemma om de kan.<\/p>\n<p>Trots de m\u00e5nga varningarna \u2013 eller kanske tack vare \u2013 har trafiken h\u00e5llit sig lugn, utan n\u00e5gra olyckor.<\/p>\n<p>\u2013 Jag tror inte vi har varit ute p\u00e5 en enda. Med tanke p\u00e5 hur det s\u00e5g ut inf\u00f6r natten s\u00e5 har vi varit v\u00e4ldigt f\u00f6rskonade, s\u00e4ger polisens Emelie Danielsson, bef\u00e4l p\u00e5 regionledningscentralen.<\/p>\n<p><strong>T\u00e5gtrafiken i b\u00e5da<\/strong> riktningar mellan Sundsvall och Ume\u00e5 har st\u00e4llts in fram till klockan 12.<\/p>\n<p>Under fredagen forts\u00e4tter sn\u00f6ov\u00e4dret norrut.<\/p>\n<p>Samtidigt \u00e4r l\u00e4get ocks\u00e5 besv\u00e4rligt i s\u00f6dra Sverige, och i G\u00f6teborg skriver V\u00e4sttrafik p\u00e5 sin hemsida att en stor del av kollektivtrafiken fortfarande \u00e4r inst\u00e4lld. Under morgonen kontrolleras hur stora sn\u00f6vallar som har bildats vid h\u00e5llplatserna och hur trafiken kan g\u00e5.<\/p>\n<p>Skolskjutsen i Uddevalla uteblir och t\u00e5gtrafiken mellan Stenungsund och G\u00f6teborg st\u00e4lls in under morgonen p\u00e5 grund av v\u00e4dret, bland annat.<\/p>\n","protected":false},"excerpt":{"rendered":"Den r\u00f6da varningen, som str\u00e4ckte sig fr\u00e5n strax s\u00f6der om H\u00e4rn\u00f6sand, rakt upp till omr\u00e5det v\u00e4ster om \u00d6rnsk\u00f6ldsvik,&hellip;\n","protected":false},"author":2,"featured_media":130684,"comment_status":"","ping_status":"","sticky":false,"template":"","format":"standard","meta":{"footnotes":""},"categories":[12],"tags":[22,23,26,27,17,21,24,25,28,29,15,16,18,34,31,33,32,30,19,20],"class_list":{"0":"post-130683","1":"post","2":"type-post","3":"status-publish","4":"format-standard","5":"has-post-thumbnail","7":"category-sverige","8":"tag-breaking-news","9":"tag-breakingnews","10":"tag-featured-news","11":"tag-featurednews","12":"tag-headlines","13":"tag-huvudnyheter","14":"tag-latest-news","15":"tag-latestnews","16":"tag-main-news","17":"tag-mainnews","18":"tag-news","19":"tag-nyheter","20":"tag-rubriker","21":"tag-se","22":"tag-svenska","23":"tag-sverige","24":"tag-sweden","25":"tag-swedish","26":"tag-top-stories","27":"tag-topstories"},"share_on_mastodon":{"url":"https:\/\/pubeurope.com\/@se\/115865439586233455","error":""},"_links":{"self":[{"href":"https:\/\/www.europesays.com\/se\/wp-json\/wp\/v2\/posts\/130683","targetHints":{"allow":["GET"]}}],"collection":[{"href":"https:\/\/www.europesays.com\/se\/wp-json\/wp\/v2\/posts"}],"about":[{"href":"https:\/\/www.europesays.com\/se\/wp-json\/wp\/v2\/types\/post"}],"author":[{"embeddable":true,"href":"https:\/\/www.europesays.com\/se\/wp-json\/wp\/v2\/users\/2"}],"replies":[{"embeddable":true,"href":"https:\/\/www.europesays.com\/se\/wp-json\/wp\/v2\/comments?post=130683"}],"version-history":[{"count":0,"href":"https:\/\/www.europesays.com\/se\/wp-json\/wp\/v2\/posts\/130683\/revisions"}],"wp:featuredmedia":[{"embeddable":true,"href":"https:\/\/www.europesays.com\/se\/wp-json\/wp\/v2\/media\/130684"}],"wp:attachment":[{"href":"https:\/\/www.europesays.com\/se\/wp-json\/wp\/v2\/media?parent=130683"}],"wp:term":[{"taxonomy":"category","embeddable":true,"href":"https:\/\/www.europesays.com\/se\/wp-json\/wp\/v2\/categories?post=130683"},{"taxonomy":"post_tag","embeddable":true,"href":"https:\/\/www.europesays.com\/se\/wp-json\/wp\/v2\/tags?post=130683"}],"curies":[{"name":"wp","href":"https:\/\/api.w.org\/{rel}","templated":true}]}}