{"id":130689,"date":"2026-01-09T13:48:05","date_gmt":"2026-01-09T13:48:05","guid":{"rendered":"https:\/\/www.europesays.com\/se\/130689\/"},"modified":"2026-01-09T13:48:05","modified_gmt":"2026-01-09T13:48:05","slug":"sa-manga-har-uppgraderat-till-ios-16","status":"publish","type":"post","link":"https:\/\/www.europesays.com\/se\/130689\/","title":{"rendered":"S\u00e5 m\u00e5nga har uppgraderat till IOS 16"},"content":{"rendered":"<p>I september lanserades IOS 26, men det tycks som intresset fr\u00e5n allm\u00e4nheten \u00e4r l\u00e4gre \u00e4n f\u00f6r de tidigare versionerna av Apples operativsystem f\u00f6r Iphone.<\/p>\n<p>Enligt den senaste statistiken fr\u00e5n <a href=\"https:\/\/idg.digidip.net\/visit?url=https:\/\/gs.statcounter.com\/ios-version-market-share\/mobile-tablet\/worldwide\/#monthly-202601-202601-bar&amp;currurl=https:\/\/www.macworld.se\/article\/1578231\/sa-manga-har-uppgraderat-till-ios-26.html&amp;ref=7-1-1578231-1-0-0-0-0\" data-type=\"link\" data-id=\"https:\/\/gs.statcounter.com\/ios-version-market-share\/mobile-tablet\/worldwide\/#monthly-202601-202601-bar\" rel=\"nofollow noopener\" data-subtag=\"7-1-1578231-1-0-0-0-0\" data-domain-name=\"statcounter\" target=\"_blank\">Statcounter<\/a> ligger andelen f\u00f6r IOS 26 i skrivande stund p\u00e5 16,3 procent, varav 4,62 procent f\u00f6r IOS 26.2 som \u00e4r den aktuella versionen.<\/p>\n<p>De flesta anv\u00e4ndare k\u00f6r n\u00e5gon variant av IOS 18, d\u00e4r 18,5, 18.6 och 18.7 har en sammanlagd andel p\u00e5 64,57 procent.<\/p>\n<p>Det fr\u00e4msta dragpl\u00e5stret i IOS 26 \u00e4r Liquid Glass, men det nya gr\u00e4nssnittet har \u00e4ven lett till f\u00f6rs\u00e4mrad prestanda p\u00e5 sina h\u00e5ll. N\u00e5got som delvis kan f\u00f6rklara att m\u00e5nga avvaktar med att uppgradera sin Iphone.<\/p>\n","protected":false},"excerpt":{"rendered":"I september lanserades IOS 26, men det tycks som intresset fr\u00e5n allm\u00e4nheten \u00e4r l\u00e4gre \u00e4n f\u00f6r de tidigare&hellip;\n","protected":false},"author":2,"featured_media":130690,"comment_status":"","ping_status":"","sticky":false,"template":"","format":"standard","meta":{"footnotes":""},"categories":[66],"tags":[80,78,79,34,31,33,32,30,81,84,83,82],"class_list":{"0":"post-130689","1":"post","2":"type-post","3":"status-publish","4":"format-standard","5":"has-post-thumbnail","7":"category-vetenskap-och-teknik","8":"tag-science","9":"tag-science-and-technology","10":"tag-scienceandtechnology","11":"tag-se","12":"tag-svenska","13":"tag-sverige","14":"tag-sweden","15":"tag-swedish","16":"tag-technology","17":"tag-teknik","18":"tag-vetenskap","19":"tag-vetenskapteknik"},"share_on_mastodon":{"url":"https:\/\/pubeurope.com\/@se\/115865459384970166","error":""},"_links":{"self":[{"href":"https:\/\/www.europesays.com\/se\/wp-json\/wp\/v2\/posts\/130689","targetHints":{"allow":["GET"]}}],"collection":[{"href":"https:\/\/www.europesays.com\/se\/wp-json\/wp\/v2\/posts"}],"about":[{"href":"https:\/\/www.europesays.com\/se\/wp-json\/wp\/v2\/types\/post"}],"author":[{"embeddable":true,"href":"https:\/\/www.europesays.com\/se\/wp-json\/wp\/v2\/users\/2"}],"replies":[{"embeddable":true,"href":"https:\/\/www.europesays.com\/se\/wp-json\/wp\/v2\/comments?post=130689"}],"version-history":[{"count":0,"href":"https:\/\/www.europesays.com\/se\/wp-json\/wp\/v2\/posts\/130689\/revisions"}],"wp:featuredmedia":[{"embeddable":true,"href":"https:\/\/www.europesays.com\/se\/wp-json\/wp\/v2\/media\/130690"}],"wp:attachment":[{"href":"https:\/\/www.europesays.com\/se\/wp-json\/wp\/v2\/media?parent=130689"}],"wp:term":[{"taxonomy":"category","embeddable":true,"href":"https:\/\/www.europesays.com\/se\/wp-json\/wp\/v2\/categories?post=130689"},{"taxonomy":"post_tag","embeddable":true,"href":"https:\/\/www.europesays.com\/se\/wp-json\/wp\/v2\/tags?post=130689"}],"curies":[{"name":"wp","href":"https:\/\/api.w.org\/{rel}","templated":true}]}}