{"id":130695,"date":"2026-01-09T13:52:12","date_gmt":"2026-01-09T13:52:12","guid":{"rendered":"https:\/\/www.europesays.com\/se\/130695\/"},"modified":"2026-01-09T13:52:12","modified_gmt":"2026-01-09T13:52:12","slug":"sds-katja-nyberg-fick-gora-snabbtest-visade-knark","status":"publish","type":"post","link":"https:\/\/www.europesays.com\/se\/130695\/","title":{"rendered":"SD:s Katja Nyberg fick g\u00f6ra snabbtest \u2013 visade knark"},"content":{"rendered":"<p>Publicerad 9 jan 2026 kl 12.03Uppdaterad kl 14.48<\/p>\n<p>SD:s riksdagsledamot Katja Nyberg misst\u00e4nks ha varit p\u00e5verkad av narkotika n\u00e4r hon fastnade i en poliskontroll i mellandagarna.<\/p>\n<p>Det rapporterar <a href=\"https:\/\/www.aftonbladet.se\/nyheter\/a\/xr3PJn\/snabbtester-visade-att-katja-nyberg-hade-narkotika-i-kroppen\" rel=\"nofollow noopener\" target=\"_blank\">Aftonbladet.\u00a0<\/a><\/p>\n<p>Snabbtester som gjordes indikerade det, enligt tidningen.<\/p>\n<p>\u2013\u00a0Snabbtester visar varken bu \u00e4r b\u00e4. De visar varken att man gjort det ena eller det andra. Det \u00e4r en ingen bevisning egentligen, s\u00e4ger Nybergs advokat Martin Orler.<\/p>\n<p><img   alt=\"\"\/><\/p>\n<p>SD:s Katja Nyberg misst\u00e4nks ha varit p\u00e5verkad av narkotika n\u00e4r hon stoppades av polis.<\/p>\n<p>Foto: PELLE T NILSSON \/ SPA | SWEDISH PRESS AGENCY<\/p>\n<p>\u00d6ppna bild i helsk\u00e4rmArtikeln i korthet<\/p>\n<p> SD:s riksdagsledamot Katja Nyberg ska, enligt uppgifter till Expressen, ha fastnat i en poliskontroll \u00f6ster om Stockholm den 28 december och d\u00e4refter misst\u00e4nks hon f\u00f6r grovt rattfylleri.\u00a0<\/p>\n<p> Snabbtester som gjordes i samband med h\u00e4ndelsen indikerade narkotikap\u00e5verkan, rapporterar <a href=\"https:\/\/www.aftonbladet.se\/nyheter\/a\/xr3PJn\/snabbtester-visade-att-katja-nyberg-hade-narkotika-i-kroppen\" rel=\"nofollow noopener\" target=\"_blank\">Aftonbladet.<\/a><\/p>\n<p> Katja Nyberg valdes in i riksdagen h\u00f6sten 2018. Hon tog d\u00e5 tj\u00e4nstledigt fr\u00e5n sitt jobb p\u00e5 polisen, d\u00e4r hon arbetar som utredare p\u00e5 polisens Nationella operativa avdelning.\u00a0<\/p>\n<p>Visa mer<\/p>\n<p>Katja Nyberg \u00e4r tj\u00e4nstledig fr\u00e5n sitt jobb p\u00e5 polisen. Hon ska, enligt uppgifter till Expressen, ha fastnat i en poliskontroll \u00f6ster om Stockholm den 28 december och <a href=\"https:\/\/www.expressen.se\/nyheter\/sverige\/sd-ledamoten-katja-nyberg-misstanks-for-rattfylleri\/\" rel=\"nofollow noopener\" target=\"_blank\">d\u00e4refter misst\u00e4nks hon f\u00f6r grovt rattfylleri.\u00a0<\/a><\/p>\n<p>P\u00e5 polisstationen togs blod- och urinprov f\u00f6r att kontrollera om hon haft droger i kroppen, s\u00e4ger \u00e5klagaren Anders Jakobsson, \u00f6ver\u00e5klagare och kammarchef p\u00e5 s\u00e4rskilda \u00e5klagarkammaren som leder utredningen, till Aftonbladet.<\/p>\n<p>Snabbtesterna indikerade narkotikap\u00e5verkan, enligt tidningen.\u00a0<\/p>\n<p>\u2013 Ger snabbtesterna utslag, d\u00e5 skickas det till djupare analys. Snabbtesterna \u00e4r inget bevis f\u00f6r att man har gjort p\u00e5 det ena eller det andra s\u00e4ttet, s\u00e4ger han till Aftonbladet.\u00a0<\/p>\n<p>\u00d6ver\u00e5klagare Anders Jakobsson har tidigare bekr\u00e4ftat f\u00f6r Expressen att en p\u00e5se tagits i beslag. Vad den inneh\u00e5ller \u00e4r inte k\u00e4nt eftersom \u00e4ven den ska skickas p\u00e5 analys.<\/p>\n<p>H\u00e4nvisar till viltolycka<\/p>\n<p><a href=\"https:\/\/www.expressen.se\/tagg\/person\/katja-nyberg\/\" class=\"\" rel=\"nofollow noopener\" target=\"_blank\">Katja Nyberg<\/a> har tidigare skrivit i ett uttalande till Expressen att hon \u201dinte k\u00e4nner igen\u201d sig i uppgifterna, som hon tagit del av med \u201dstor f\u00f6rv\u00e5ning\u201d.<\/p>\n<p>\u201dUnder mellandagarna r\u00e5kade jag ut f\u00f6r en viltolycka med bilen. I samband med detta fick jag \u00e5ka ner till polisstationen och bl\u00e5sa f\u00f6r alkohol som d\u00e5 inte visade n\u00e5got utslag. Det \u00e4r d\u00e4rf\u00f6r med stor f\u00f6rv\u00e5ning som jag tar del av det som nu skrivs om mig och den h\u00e4r h\u00e4ndelsen. Enheten f\u00f6r s\u00e4rskilda utredningar tittar nu p\u00e5 det h\u00e4r, vilket jag v\u00e4lkomnar eftersom jag inte k\u00e4nner igen mig i detta\u201d, skriver hon.\u00a0<\/p>\n<p>Men \u00e5klagaren delar inte riktigt bilden av en viltolycka.\u00a0<\/p>\n<p>\u2013 Det var ingen viltolycka. Vad jag har f\u00f6rst\u00e5tt s\u00e5 ska hon ha v\u00e4jt f\u00f6r n\u00e5got mindre djur, en r\u00e5tta eller n\u00e5got. Det var inget r\u00e5djur, \u00e4lg eller n\u00e5got annat, s\u00e4ger Anders Jakobsson till Aftonbladet.\u00a0<\/p>\n<p>Katja Nyberg har \u00e4nnu inte f\u00f6rh\u00f6rts formellt.\u00a0<\/p>\n<p>\u2013 Beroende p\u00e5 vad analysen visar f\u00e5r vi se om vi ska f\u00f6rh\u00f6ra henne eller inte, s\u00e4ger Anders Jakobsson till Aftonbladet.<\/p>\n<p>Advokaten: \u201dHon har inte haft n\u00e5n p\u00e5se med vitt pulver\u201d<\/p>\n<p>N\u00e4r Expressen st\u00e4ller fr\u00e5gor om snabbtesterna till Katja Nybergs advokat Martin Orler s\u00e4ger han:<\/p>\n<p>\u2013 Hon har inte formellt delgivits n\u00e5gon misstanke om brott.<\/p>\n<p><strong>Fick hon inte reda p\u00e5 utslaget p\u00e5 snabbtesterna d\u00e4r?<\/strong><\/p>\n<p>\u2013 Hur det har hanterats, det har inte jag n\u00e5gon uppfattning om.<\/p>\n<p>Annons<\/p>\n<p>Om uppgiften om beslaget av en p\u00e5se s\u00e4ger advokaten:<\/p>\n<p>\u2013 Hon har ingen k\u00e4nnedom om det beslaget \u00f6verhuvudtaget.\u00a0Hon k\u00e4nner inte till n\u00e5gon narkotika \u00f6verhuvudtaget.\u00a0<\/p>\n<p>Enligt uppgifter till <a href=\"https:\/\/www.aftonbladet.se\/nyheter\/a\/m0RGml\/katja-nyberg-fast-for-rattfylla\" rel=\"nofollow noopener\" target=\"_blank\">Aftonbladet<\/a> ska beslaget ha skett vid en kroppsvisitation:<\/p>\n<p>\u2013 Vid en kroppsvisitation, d\u00e4r hon ju sj\u00e4lv \u00e4r medverkande givetvis, d\u00e4r har det inte hittats n\u00e5got s\u00e5vitt vi f\u00f6rst\u00e5r det, s\u00e4ger Orler och forts\u00e4tter:<\/p>\n<p>\u2013 S\u00e5 det tillbakavisas. Hon har inte haft n\u00e5n\u00a0p\u00e5se med vitt pulver eller n\u00e5n kunskap om att en s\u00e5dan funnits i hennes n\u00e4rhet.<\/p>\n<p><strong>\u00c5klagaren har satt fr\u00e5getecken kring Nybergs p\u00e5st\u00e5ende om att hon varit med om en viltolycka. Har hon varit med om en olycka?<\/strong><\/p>\n<p>\u2013\u00a0Hon har inte \u00e4nnu inte formellt delgivits n\u00e5n\u00a0misstanke och det har inte h\u00e5llits n\u00e5got f\u00f6rh\u00f6r, och det har inte planerats n\u00e5got f\u00f6rh\u00f6r heller. Jag vill inte f\u00f6regripa uppgifter som eventuellt kommer att l\u00e4mnas vid ett s\u00e5nt f\u00f6rh\u00f6r utan det som har f\u00f6rekommit med uppgifter om viltolycka, jag tycker v\u00e4l att det inte \u00e4r s\u00e5 stor skillnad mellan de tv\u00e5 uppgifterna i och f\u00f6r sig, men jag kommer inte att kommentera vad som h\u00e4nt i detalj f\u00f6r det l\u00e4mpar sig b\u00e4st i ett formellt f\u00f6rh\u00f6r hos en r\u00e4ttsv\u00e5rdande myndighet, s\u00e4ger Orler.<\/p>\n<p>Privat detektivbyr\u00e5<\/p>\n<p>Katja Nyberg valdes in i riksdagen h\u00f6sten 2018.\u00a0<\/p>\n<p>Hon tog d\u00e5 tj\u00e4nstledigt fr\u00e5n sitt jobb som utredare p\u00e5 polisens Nationella operativa avdelning, Noa, f\u00f6r uppdraget som riksdagsledamot. I riksdagen sitter hon i justitieutskottet och hon \u00e4r Sverigedemokraternas talesperson i polisfr\u00e5gor.<\/p>\n<p>Expressen kunde i januari 2023 avsl\u00f6ja att Nyberg parallellt med sitt jobb som polis p\u00e5 Noa hade lanserat en <a href=\"https:\/\/www.expressen.se\/nyheter\/riksdagsledamoten-katja-nybergs-privata-detektivbyra\/\" rel=\"nofollow noopener\" target=\"_blank\">privat detektivbyr\u00e5<\/a> p\u00e5 n\u00e4tet. Hon erbj\u00f6d sig d\u00e5 att anv\u00e4nda sina kontakter och g\u00f6ra slagningar i register. N\u00e4r bisysslan uppt\u00e4cktes fastslog en h\u00f6gt uppsatt Noa-chef att Nybergs detektivbyr\u00e5 kunde skada polisens anseende och g\u00f6ra att myndighetens opartiskhet ifr\u00e5gasattes.<\/p>\n<p><strong>L\u00c4S MER: <\/strong><a href=\"https:\/\/www.expressen.se\/nyheter\/sverige\/sd-ledamoten-katja-nyberg-misstanks-for-rattfylleri\/\" class=\"\" rel=\"nofollow noopener\" target=\"_blank\">SD-ledamoten Katja Nyberg misst\u00e4nks f\u00f6r rattfylleri<\/a><strong>L\u00c4S MER: <\/strong><a href=\"https:\/\/www.expressen.se\/nyheter\/riksdagsledamoten-katja-nybergs-privata-detektivbyra\/\" class=\"premium-link\" rel=\"nofollow noopener\" target=\"_blank\">Premium Riksdagsledamoten Katja Nybergs privata detektivbyr\u00e5<\/a><\/p>\n","protected":false},"excerpt":{"rendered":"Publicerad 9 jan 2026 kl 12.03Uppdaterad kl 14.48 SD:s riksdagsledamot Katja Nyberg misst\u00e4nks ha varit p\u00e5verkad av narkotika&hellip;\n","protected":false},"author":2,"featured_media":130696,"comment_status":"","ping_status":"","sticky":false,"template":"","format":"standard","meta":{"footnotes":""},"categories":[5],"tags":[22,23,26,27,17,21,24,25,28,29,15,16,400,38,13413,18,34,583,31,33,32,30,19,152,20],"class_list":{"0":"post-130695","1":"post","2":"type-post","3":"status-publish","4":"format-standard","5":"has-post-thumbnail","7":"category-rubriker","8":"tag-breaking-news","9":"tag-breakingnews","10":"tag-featured-news","11":"tag-featurednews","12":"tag-headlines","13":"tag-huvudnyheter","14":"tag-latest-news","15":"tag-latestnews","16":"tag-main-news","17":"tag-mainnews","18":"tag-news","19":"tag-nyheter","20":"tag-organization-polisen","21":"tag-organization-sverigedemokraterna","22":"tag-person-katja-nyberg","23":"tag-rubriker","24":"tag-se","25":"tag-sections-politik","26":"tag-svenska","27":"tag-sverige","28":"tag-sweden","29":"tag-swedish","30":"tag-top-stories","31":"tag-topic-inrikespolitik","32":"tag-topstories"},"share_on_mastodon":{"url":"https:\/\/pubeurope.com\/@se\/115865474988748061","error":""},"_links":{"self":[{"href":"https:\/\/www.europesays.com\/se\/wp-json\/wp\/v2\/posts\/130695","targetHints":{"allow":["GET"]}}],"collection":[{"href":"https:\/\/www.europesays.com\/se\/wp-json\/wp\/v2\/posts"}],"about":[{"href":"https:\/\/www.europesays.com\/se\/wp-json\/wp\/v2\/types\/post"}],"author":[{"embeddable":true,"href":"https:\/\/www.europesays.com\/se\/wp-json\/wp\/v2\/users\/2"}],"replies":[{"embeddable":true,"href":"https:\/\/www.europesays.com\/se\/wp-json\/wp\/v2\/comments?post=130695"}],"version-history":[{"count":0,"href":"https:\/\/www.europesays.com\/se\/wp-json\/wp\/v2\/posts\/130695\/revisions"}],"wp:featuredmedia":[{"embeddable":true,"href":"https:\/\/www.europesays.com\/se\/wp-json\/wp\/v2\/media\/130696"}],"wp:attachment":[{"href":"https:\/\/www.europesays.com\/se\/wp-json\/wp\/v2\/media?parent=130695"}],"wp:term":[{"taxonomy":"category","embeddable":true,"href":"https:\/\/www.europesays.com\/se\/wp-json\/wp\/v2\/categories?post=130695"},{"taxonomy":"post_tag","embeddable":true,"href":"https:\/\/www.europesays.com\/se\/wp-json\/wp\/v2\/tags?post=130695"}],"curies":[{"name":"wp","href":"https:\/\/api.w.org\/{rel}","templated":true}]}}