{"id":130701,"date":"2026-01-09T13:56:07","date_gmt":"2026-01-09T13:56:07","guid":{"rendered":"https:\/\/www.europesays.com\/se\/130701\/"},"modified":"2026-01-09T13:56:07","modified_gmt":"2026-01-09T13:56:07","slug":"de-bor-i-gastbostaderna-i-paris-februari-augusti-2026","status":"publish","type":"post","link":"https:\/\/www.europesays.com\/se\/130701\/","title":{"rendered":"De bor i g\u00e4stbost\u00e4derna i Paris februari\u2013augusti 2026"},"content":{"rendered":"<p>Svenska institutet Paris samarbetar bland annat med Konstn\u00e4rsn\u00e4mnden, Svenska akademien och Konsthantverkscentrum, som disponerar en av bost\u00e4derna f\u00f6r sina stipendiater.<\/p>\n<p>F\u00f6ljande personer har erbjudits g\u00e4stbostad p\u00e5 Svenska institutet Paris under perioden februari till augusti 2026:<\/p>\n<p>Februari<\/p>\n<p>Julietta Birkeland, cirkusartist, Konstn\u00e4rsn\u00e4mndens stipendiat<br \/>Josefine Chiacchiero, dansare\/koreograf, Konstn\u00e4rsn\u00e4mndens stipendiat<br \/>Emma Clery, professor i engelsk litteratur vid Uppsala Universitet<br \/>Philip Hwang, professor\/senior forskare i psykologi, G\u00f6teborgs Universitet<br \/>Tobias Nielsen, f\u00f6rl\u00e4ggare, f\u00f6rlagschef och kulturpolitisk analytiker<br \/>Pierre Schori, skribent<br \/>Maria Schottenius, litteraturkritiker, kulturskribent och Olle Svenning, f\u00f6rfattare och skribent<\/p>\n<p>Mars<\/p>\n<p>Aino Inahainen, cirkusregiss\u00f6r\/cirkusartist, Konstn\u00e4rsn\u00e4mndens stipendiat<br \/>Sanna Blennow, koreograf, Konstn\u00e4rsn\u00e4mndens stipendiat<br \/>Eva \u00c5hr\u00e9n, Verksamhetschef, Medicinens historia och kulturarv, Karolinska Institutet<br \/>Klas \u00d6stergren, f\u00f6rfattare<br \/>Andreas Eriksson, konstn\u00e4r<br \/>Jacob Dahlgren, konstn\u00e4r<br \/>Cecilia Widenheim, konsthistoriker, curator, Chef Tensta Konsthall<br \/>H\u00e5kan Hardenberger, trumpetare, Professor vid Lunds universitet<\/p>\n<p>April<\/p>\n<p>Simon B\u00e5ng, tons\u00e4ttare, dirigent och cellist<br \/>Ashleigh Harris, professor i engelskspr\u00e5kig litteratur, Uppsala universitet,<br \/>Svenska Akademiens stipendiat<br \/>Hugo Hedberg, koreograf och dansare, Konstn\u00e4rsn\u00e4mndens stipendiat<br \/>Kirsi Kekki, dansare\/koreograf, Konstn\u00e4rsn\u00e4mndens stipendiat<br \/>Charlotta Levay, docent, universitetslektor inom organisation och ledarskap, Lunds universitet<br \/>Karl Katz Lyd\u00e9n, filosof, f\u00f6rfattare, kritiker<br \/>Ulf M\u00f6rkenstam, professor i statsvetenskap, Stockholms universitet<\/p>\n<p>Maj<\/p>\n<p>Anders Bengtsson, professor i franska, Stockholms universitet<br \/>Pelle Hanaeus, sk\u00e5despelare, Konstn\u00e4rsn\u00e4mndens stipendiat<br \/>Pia Wall\u00e9n, formgivare<br \/>Jonas Helgertz, professor i ekonomisk historia, Lunds universitet<br \/>Elin Anna Labba, f, Svenska Akademiens stipendiat<br \/>Kristina Lindstr\u00f6m och Kristian Petri, dokument\u00e4rfilmare<br \/>Nisti St\u00eark, sk\u00e5despelare, Konstn\u00e4rsn\u00e4mndens stipendiat<\/p>\n<p>Juli<\/p>\n<p>Johan B\u00f6rjesson, gallerist<br \/>Sara Engberg, formgivare, Konsthantverkscentrums stipendiat<br \/>Maria Friberg, bildkonstn\u00e4r<br \/>Bj\u00f6rn Hasselgren, forskare i ekonomisk-historia, Uppsala universitet<br \/>Evelina Johansson, scenograf, Konstn\u00e4rsn\u00e4mndens stipendiat<br \/>Fia Sandblad, sk\u00e5despelare, Konstn\u00e4rsn\u00e4mndens stipendiat<br \/>Jenny Th\u00e5str\u00f6m, fotograf och musiker<\/p>\n<p>Juli<\/p>\n<p>Staffan Albinsson, Forskare, ekonomisk historia, G\u00f6teborgs universitet<br \/>Gustav Boredhed, dansare\/koreograf, Konstn\u00e4rsn\u00e4mndens stipendiat<br \/>Kyrie Oda, dansare\/koreograf, Konstn\u00e4rsn\u00e4mndens stipendiat<br \/>Mikael Lo Presti, konstn\u00e4r<br \/>Vince Scheynius, VD Bio Skandia och sponsorchef p\u00e5 Stockholms filmfestival<br \/>Ida Wingborg, musiker<br \/>Philip Zand\u00e9n, Sk\u00e5despelare\/Regiss\u00f6r<\/p>\n<p>Augusti<\/p>\n<p>Karl Dun\u00e9r, teaterregiss\u00f6r, Konstn\u00e4rsn\u00e4mndens stipendiat<br \/>Jan Holmberg, VD, forskare, f\u00f6rfattare, Stiftelsen Ingmar Bergman<br \/>Petra Huisman, konstn\u00e4rlig ledare f\u00f6r scenkonst<br \/>Aurelia Le Huche, performanceartist, Konstn\u00e4rsn\u00e4mndens stipendiat<br \/>Ida Linde, f\u00f6rfattare<br \/>Kristel Thalstr\u00f6m, designer<\/p>\n<p>Vill du veta mer om hur du s\u00f6ker boende i v\u00e5ra g\u00e4stl\u00e4genheter? L\u00e4s mer h\u00e4r: https:\/\/si.se\/utlysningar\/gastbostad-pa-si-paris\/<\/p>\n","protected":false},"excerpt":{"rendered":"Svenska institutet Paris samarbetar bland annat med Konstn\u00e4rsn\u00e4mnden, Svenska akademien och Konsthantverkscentrum, som disponerar en av bost\u00e4derna f\u00f6r&hellip;\n","protected":false},"author":2,"featured_media":130702,"comment_status":"","ping_status":"","sticky":false,"template":"","format":"standard","meta":{"footnotes":""},"categories":[66],"tags":[80,78,79,34,31,33,32,30,81,84,83,82],"class_list":{"0":"post-130701","1":"post","2":"type-post","3":"status-publish","4":"format-standard","5":"has-post-thumbnail","7":"category-vetenskap-och-teknik","8":"tag-science","9":"tag-science-and-technology","10":"tag-scienceandtechnology","11":"tag-se","12":"tag-svenska","13":"tag-sverige","14":"tag-sweden","15":"tag-swedish","16":"tag-technology","17":"tag-teknik","18":"tag-vetenskap","19":"tag-vetenskapteknik"},"share_on_mastodon":{"url":"https:\/\/pubeurope.com\/@se\/115865490662551183","error":""},"_links":{"self":[{"href":"https:\/\/www.europesays.com\/se\/wp-json\/wp\/v2\/posts\/130701","targetHints":{"allow":["GET"]}}],"collection":[{"href":"https:\/\/www.europesays.com\/se\/wp-json\/wp\/v2\/posts"}],"about":[{"href":"https:\/\/www.europesays.com\/se\/wp-json\/wp\/v2\/types\/post"}],"author":[{"embeddable":true,"href":"https:\/\/www.europesays.com\/se\/wp-json\/wp\/v2\/users\/2"}],"replies":[{"embeddable":true,"href":"https:\/\/www.europesays.com\/se\/wp-json\/wp\/v2\/comments?post=130701"}],"version-history":[{"count":0,"href":"https:\/\/www.europesays.com\/se\/wp-json\/wp\/v2\/posts\/130701\/revisions"}],"wp:featuredmedia":[{"embeddable":true,"href":"https:\/\/www.europesays.com\/se\/wp-json\/wp\/v2\/media\/130702"}],"wp:attachment":[{"href":"https:\/\/www.europesays.com\/se\/wp-json\/wp\/v2\/media?parent=130701"}],"wp:term":[{"taxonomy":"category","embeddable":true,"href":"https:\/\/www.europesays.com\/se\/wp-json\/wp\/v2\/categories?post=130701"},{"taxonomy":"post_tag","embeddable":true,"href":"https:\/\/www.europesays.com\/se\/wp-json\/wp\/v2\/tags?post=130701"}],"curies":[{"name":"wp","href":"https:\/\/api.w.org\/{rel}","templated":true}]}}