{"id":130703,"date":"2026-01-09T13:58:00","date_gmt":"2026-01-09T13:58:00","guid":{"rendered":"https:\/\/www.europesays.com\/se\/130703\/"},"modified":"2026-01-09T13:58:00","modified_gmt":"2026-01-09T13:58:00","slug":"ola-kallqvist-jobba-mycket-eller-inte-alls-och-fa-samma-pension","status":"publish","type":"post","link":"https:\/\/www.europesays.com\/se\/130703\/","title":{"rendered":"Ola K\u00e4llqvist: Jobba mycket eller inte alls \u2013 och f\u00e5 samma pension"},"content":{"rendered":"<p class=\"has-drop-cap\">Det l\u00e5ter som ett p\u00e5st\u00e5ende som borde vara falskt. Men enligt statens egna modeller kan ett helt arbetsliv i Sverige i dag ge n\u00e4stan samma pension som inget arbetsliv alls.<\/p>\n<p>Detta \u00e4r varken ett r\u00e4knefel eller ett tillf\u00e4lligt systemglapp. Det \u00e4r ett logiskt slutresultat av hur det svenska pensionssystemet under l\u00e5ng tid har byggts om, lager f\u00f6r lager, utan att n\u00e5gon riktigt har formulerat vad systemet d\u00e4rmed har blivit. Fr\u00e5gan \u00e4r inte i f\u00f6rsta hand ekonomisk. Den \u00e4r moralisk \u2013 och handlar om relationen mellan arbete, ansvar och r\u00e4ttvisa.<\/p>\n<p><strong>Ett kontrakt som en g\u00e5ng var tydligt<\/strong><br \/>Det svenska pensionssystemet beskrivs ofta som tekniskt komplext. Fokus hamnar p\u00e5 bromsar, balanseringstal och livsl\u00e4ngdsantaganden. Men bakom den tekniska ytan finns en ursprunglig och relativt enkel id\u00e9: pensionen skulle vara en f\u00f6rs\u00e4kring. Ett l\u00e5ngsiktigt kontrakt d\u00e4r ett helt yrkesliv av arbete och skatteinbetalningar gav trygghet i livets slut.<\/p>\n<p>Detta kontrakt var aldrig perfekt. Alla liv l\u00e5ter sig inte f\u00e5ngas i ett livsinkomstsystem. Men kopplingen mellan deltagande och utfall var tydlig nog f\u00f6r att uppfattas som legitim. Den som arbetade l\u00e4ngre och mer stabilt fick ocks\u00e5 n\u00e5got tydligt tillbaka.<\/p>\n<p>I dag \u00e4r den kopplingen kraftigt f\u00f6rsvagad.<\/p>\n<p><strong>N\u00e4r siffrorna inte l\u00e4ngre g\u00e5r att bortf\u00f6rklara<\/strong><br \/>Det blir tydligt i de r\u00e4kneexempel som d\u00e5 och d\u00e5 n\u00e5r offentligheten och ofta v\u00e4cker f\u00f6rv\u00e5ning. I ber\u00e4kningar baserade p\u00e5 Pensionsmyndighetens egna typfallsmodeller j\u00e4mf\u00f6rs personer som alla g\u00e5r i pension vid samma \u00e5lder och lever under likartade f\u00f6rh\u00e5llanden. Skillnaden ligger i deras arbetsliv: fyrtio \u00e5r, trettio \u00e5r \u2013 eller inget arbete alls. <\/p>\n<p>N\u00e4r alla relevanta komponenter r\u00e4knas in \u2013 inkomstpension, garantipension, bostadstill\u00e4gg och skatt \u2013 hamnar den disponibla inkomsten p\u00e5 niv\u00e5er som ligger f\u00f6rbluffande n\u00e4ra varandra. I vissa fall r\u00f6r det sig om skillnader p\u00e5 omkring tusen kronor i m\u00e5naden mellan ett helt arbetsliv och noll arbets\u00e5r. <\/p>\n<p>Den spontana reaktionen \u00e4r ofta att n\u00e5got m\u00e5ste vara fel. Men f\u00f6ljer man kalkylerna bak\u00e5t \u00e4r de konsekventa. Utfallet \u00e4r korrekt givet systemets konstruktion. Och just d\u00e4rf\u00f6r \u00e4r det s\u00e5 sv\u00e5rt att bortf\u00f6rklara.<\/p>\n<p><strong>N\u00e4r f\u00f6rs\u00e4kring och socialpolitik flyter ihop<\/strong><br \/>F\u00f6r att f\u00f6rst\u00e5 hur detta blivit m\u00f6jligt m\u00e5ste man skilja mellan tv\u00e5 logiker som i dag samexisterar i pensionssystemet, men som fr\u00e5n b\u00f6rjan var t\u00e4nkta att h\u00e5llas is\u00e4r.<\/p>\n<p>Den f\u00f6rsta \u00e4r f\u00f6rs\u00e4kringslogiken. Den bygger p\u00e5 proportionalitet: sambandet mellan insats och utfall. Den andra \u00e4r den socialpolitiska logiken, som utg\u00e5r fr\u00e5n behov och syftar till att ingen ska hamna under en viss levnadsniv\u00e5.<\/p>\n<p>B\u00e5da \u00e4r legitima. Problemet uppst\u00e5r n\u00e4r de blandas samman utan tydlig gr\u00e4nsdragning.<\/p>\n<p><strong>Skyddsn\u00e4tet som blev ett parallellt system<\/strong><br \/>Under de senaste decennierna har pensionssystemet successivt laddats med allt fler socialpolitiska komponenter. Garantipensionen har f\u00e5tt st\u00f6rre betydelse, bostadstill\u00e4gget har f\u00f6rst\u00e4rkts och f\u00f6r dem som \u00e4nd\u00e5 inte n\u00e5r upp till en viss niv\u00e5 finns \u00e4ldref\u00f6rs\u00f6rjningsst\u00f6d.<\/p>\n<p>Varje reform har haft rimliga motiv. Men n\u00e4r dessa st\u00f6d inte l\u00e4ngre fungerar som ett skyddsn\u00e4t utan i praktiken som ett parallellt pensionssystem, f\u00f6r\u00e4ndras helheten. Utfallet b\u00f6rjar styras mer av behov \u00e4n av livsinkomst. Skillnader som tidigare var tydliga suddas gradvis ut.<\/p>\n<p><strong>N\u00e4r deltagande inte l\u00e4ngre g\u00f6r avg\u00f6rande skillnad<\/strong><br \/>H\u00e4r uppst\u00e5r en moralisk sp\u00e4nning som s\u00e4llan diskuteras \u00f6ppet. Ett f\u00f6rs\u00e4kringssystem m\u00e5ste kunna f\u00f6rklara varf\u00f6r fyrtio \u00e5rs deltagande ger ett v\u00e4sentligt annorlunda utfall \u00e4n uteblivet deltagande.<\/p>\n<p><strong>Risk utan \u00e4gande<\/strong><br \/>En ytterligare aspekt som s\u00e4llan diskuteras \u00f6ppet \u00e4r \u00e4gander\u00e4tten \u2013 eller snarare avsaknaden av den. Pensionsavgiften \u00e4r h\u00f6g och obligatorisk, men den enskilde \u00e4ger inte sitt pensionskapital. Inbetalningarna anv\u00e4nds i stor utstr\u00e4ckning f\u00f6r att finansiera samtidens pensioner, medan framtida ers\u00e4ttning beror p\u00e5 politiska beslut, demografi och ekonomisk utveckling.<\/p>\n<p><strong>Det nordiska undantaget som inte finns<\/strong><br \/>Detta \u00e4r inte ett nordiskt \u00f6de. I Danmark, Norge och Finland \u00e4r pensionerna i genomsnitt h\u00f6gre, b\u00e5de i relation till slutl\u00f6n och i faktisk k\u00f6pkraft. Skillnaderna beror inte p\u00e5 arbetsmoral eller livsl\u00e4ngd, utan p\u00e5 hur systemen utformats och p\u00e5 hur tydligt kopplingen mellan livsinkomst och utfall har v\u00e4rnats.<\/p>\n","protected":false},"excerpt":{"rendered":"Det l\u00e5ter som ett p\u00e5st\u00e5ende som borde vara falskt. Men enligt statens egna modeller kan ett helt arbetsliv&hellip;\n","protected":false},"author":2,"featured_media":130704,"comment_status":"","ping_status":"","sticky":false,"template":"","format":"standard","meta":{"footnotes":""},"categories":[65],"tags":[72,70,71,5655,6949,2973,34,31,33,32,30],"class_list":{"0":"post-130703","1":"post","2":"type-post","3":"status-publish","4":"format-standard","5":"has-post-thumbnail","7":"category-ekonomi","8":"tag-business","9":"tag-economy","10":"tag-ekonomi","11":"tag-garantipension","12":"tag-inkomstpension","13":"tag-pensionsmyndigheten","14":"tag-se","15":"tag-svenska","16":"tag-sverige","17":"tag-sweden","18":"tag-swedish"},"share_on_mastodon":{"url":"","error":""},"_links":{"self":[{"href":"https:\/\/www.europesays.com\/se\/wp-json\/wp\/v2\/posts\/130703","targetHints":{"allow":["GET"]}}],"collection":[{"href":"https:\/\/www.europesays.com\/se\/wp-json\/wp\/v2\/posts"}],"about":[{"href":"https:\/\/www.europesays.com\/se\/wp-json\/wp\/v2\/types\/post"}],"author":[{"embeddable":true,"href":"https:\/\/www.europesays.com\/se\/wp-json\/wp\/v2\/users\/2"}],"replies":[{"embeddable":true,"href":"https:\/\/www.europesays.com\/se\/wp-json\/wp\/v2\/comments?post=130703"}],"version-history":[{"count":0,"href":"https:\/\/www.europesays.com\/se\/wp-json\/wp\/v2\/posts\/130703\/revisions"}],"wp:featuredmedia":[{"embeddable":true,"href":"https:\/\/www.europesays.com\/se\/wp-json\/wp\/v2\/media\/130704"}],"wp:attachment":[{"href":"https:\/\/www.europesays.com\/se\/wp-json\/wp\/v2\/media?parent=130703"}],"wp:term":[{"taxonomy":"category","embeddable":true,"href":"https:\/\/www.europesays.com\/se\/wp-json\/wp\/v2\/categories?post=130703"},{"taxonomy":"post_tag","embeddable":true,"href":"https:\/\/www.europesays.com\/se\/wp-json\/wp\/v2\/tags?post=130703"}],"curies":[{"name":"wp","href":"https:\/\/api.w.org\/{rel}","templated":true}]}}