{"id":130707,"date":"2026-01-09T14:01:06","date_gmt":"2026-01-09T14:01:06","guid":{"rendered":"https:\/\/www.europesays.com\/se\/130707\/"},"modified":"2026-01-09T14:01:06","modified_gmt":"2026-01-09T14:01:06","slug":"lrf-dalarnas-stormtraffar-lantbrukarnas-riksforbund","status":"publish","type":"post","link":"https:\/\/www.europesays.com\/se\/130707\/","title":{"rendered":"LRF Dalarnas stormtr\u00e4ffar &#8211; Lantbrukarnas Riksf\u00f6rbund"},"content":{"rendered":"<p class=\"preamble large\">Tv\u00e5 v\u00e4lbes\u00f6kta tr\u00e4ffar i Leksand och Falun visar hur viktigt det \u00e4r att m\u00f6tas n\u00e4r stormarna Johannes och Anna har drabbat skogs\u00e4gare h\u00e5rt. LRF agerar snabbt f\u00f6r att ge medlemmar st\u00f6d, samlad information och m\u00f6jlighet att m\u00f6tas.<\/p>\n<p>Stormarna Johannes och Anna har orsakat enorma skador i skogarna och skapat oro hos m\u00e5nga skogs\u00e4gare. F\u00f6r att ge medlemmarna st\u00f6d och samlad information har LRF Dalarna tillsammans med Mellanskog, L\u00e4nsstyrelsen, Skogsstyrelsen, S\u00e4ker Skog, Lantm\u00e4teriet och L\u00e4nsf\u00f6rs\u00e4kringar arrangerat tv\u00e5 stora tr\u00e4ffar, den 7 januari i Leksand och den 8 januari i Falun.<br \/>Intresset var mycket stort. I Leksand kom cirka 200 personer och i Falun drygt 300, s\u00e5 m\u00e5nga att man fick dela upp m\u00f6tet i tv\u00e5 sittningar. Det \u00e4r tydligt att behovet av samlad information och m\u00f6jlighet att prata med varandra \u00e4r stort.<\/p>\n<p>\u201dDet \u00e4r en sv\u00e5r situation f\u00f6r m\u00e5nga och d\u00e4rf\u00f6r \u00e4r det viktigt att vi kan samla medlemmar och ge st\u00f6d. Vi \u00e4r glada att vi tillsammans med v\u00e5ra samarbetspartners kan skapa m\u00f6ten som g\u00f6r skillnad,\u201d s\u00e4ger Peter Andersson, ordf\u00f6rande i LRF Dalarna.<\/p>\n<p>P\u00e5 tr\u00e4ffarna har LRF Dalarnas regionstyrelse ber\u00e4ttat om det n\u00e4ringspolitiska arbete som p\u00e5g\u00e5r f\u00f6r att underl\u00e4tta f\u00f6r drabbade medlemmar. Det handlar bland annat om att LRF bevakar fr\u00e5gor som undantag i artskydd och milj\u00f6balken, dispens f\u00f6r snabb upparbetning av stormf\u00e4lld skog och statliga st\u00f6d f\u00f6r lagring och hantering av virke.<\/p>\n<p>\u201dDet m\u00e4rks att medlemmarna uppskattar att f\u00e5 all information samlad p\u00e5 ett st\u00e4lle, och att f\u00e5 tr\u00e4ffas och prata med varandra \u00e4r minst lika viktigt,\u201d s\u00e4ger John Viklund, styrelseledamot i LRF Dalarna.<\/p>\n<p>Fler tr\u00e4ffar \u00e4r redan planerade. N\u00e4sta blir i Mora den 13 januari, inbjudan kommer g\u00e5 ut p\u00e5 mailen till alla medlemmar i Dalarna,\u00a0 och vi arbetar f\u00f6r att kunna h\u00e5lla m\u00f6te \u00e4ven i Hedemora inom kort.\u00a0<br \/>H\u00e5ll koll p\u00e5 <a rel=\"noopener nofollow\" href=\"https:\/\/www.lrf.se\/kalender\/?page=1&amp;region=dalarna\" target=\"_blank\" data-anchor=\"?page=1&amp;region=dalarna\">kalendariet p\u00e5 lrf.se<\/a> och f\u00f6lj oss p\u00e5 <a rel=\"noopener nofollow\" href=\"https:\/\/www.facebook.com\/lrfdalarnagavleborgmalardalen\" target=\"_blank\">Facebook <\/a>f\u00f6r inbjudningar till kommande tr\u00e4ffar.<\/p>\n<p>Om du inte kan komma p\u00e5 dessa m\u00f6ten, g\u00e5 g\u00e4rna p\u00e5 ditt kommande \u00e5rsm\u00f6te i din kommunavdelning, alla kommunavdelningars styrelser \u00e4r informerade om hur LRF nu jobbar i fr\u00e5gan.<\/p>\n","protected":false},"excerpt":{"rendered":"Tv\u00e5 v\u00e4lbes\u00f6kta tr\u00e4ffar i Leksand och Falun visar hur viktigt det \u00e4r att m\u00f6tas n\u00e4r stormarna Johannes och&hellip;\n","protected":false},"author":2,"featured_media":130708,"comment_status":"","ping_status":"","sticky":false,"template":"","format":"standard","meta":{"footnotes":""},"categories":[5],"tags":[22,23,26,27,17,21,24,25,28,29,15,16,18,34,31,33,32,30,19,20],"class_list":{"0":"post-130707","1":"post","2":"type-post","3":"status-publish","4":"format-standard","5":"has-post-thumbnail","7":"category-rubriker","8":"tag-breaking-news","9":"tag-breakingnews","10":"tag-featured-news","11":"tag-featurednews","12":"tag-headlines","13":"tag-huvudnyheter","14":"tag-latest-news","15":"tag-latestnews","16":"tag-main-news","17":"tag-mainnews","18":"tag-news","19":"tag-nyheter","20":"tag-rubriker","21":"tag-se","22":"tag-svenska","23":"tag-sverige","24":"tag-sweden","25":"tag-swedish","26":"tag-top-stories","27":"tag-topstories"},"share_on_mastodon":{"url":"https:\/\/pubeurope.com\/@se\/115865510640751261","error":""},"_links":{"self":[{"href":"https:\/\/www.europesays.com\/se\/wp-json\/wp\/v2\/posts\/130707","targetHints":{"allow":["GET"]}}],"collection":[{"href":"https:\/\/www.europesays.com\/se\/wp-json\/wp\/v2\/posts"}],"about":[{"href":"https:\/\/www.europesays.com\/se\/wp-json\/wp\/v2\/types\/post"}],"author":[{"embeddable":true,"href":"https:\/\/www.europesays.com\/se\/wp-json\/wp\/v2\/users\/2"}],"replies":[{"embeddable":true,"href":"https:\/\/www.europesays.com\/se\/wp-json\/wp\/v2\/comments?post=130707"}],"version-history":[{"count":0,"href":"https:\/\/www.europesays.com\/se\/wp-json\/wp\/v2\/posts\/130707\/revisions"}],"wp:featuredmedia":[{"embeddable":true,"href":"https:\/\/www.europesays.com\/se\/wp-json\/wp\/v2\/media\/130708"}],"wp:attachment":[{"href":"https:\/\/www.europesays.com\/se\/wp-json\/wp\/v2\/media?parent=130707"}],"wp:term":[{"taxonomy":"category","embeddable":true,"href":"https:\/\/www.europesays.com\/se\/wp-json\/wp\/v2\/categories?post=130707"},{"taxonomy":"post_tag","embeddable":true,"href":"https:\/\/www.europesays.com\/se\/wp-json\/wp\/v2\/tags?post=130707"}],"curies":[{"name":"wp","href":"https:\/\/api.w.org\/{rel}","templated":true}]}}